{"id":40603,"date":"2023-09-12T23:22:35","date_gmt":"2023-09-13T02:22:35","guid":{"rendered":"http:\/\/www.almargenweb.com.ar\/web\/?p=40603"},"modified":"2023-09-12T23:22:36","modified_gmt":"2023-09-13T02:22:36","slug":"muller-adelanto-cuales-seran-los-ejes-y-cambios-que-impulsara-en-la-transicion","status":"publish","type":"post","link":"https:\/\/www.almargenweb.com.ar\/web\/muller-adelanto-cuales-seran-los-ejes-y-cambios-que-impulsara-en-la-transicion\/","title":{"rendered":"M\u00fcller adelant\u00f3 cu\u00e1les ser\u00e1n los ejes y cambios que impulsar\u00e1 en la transici\u00f3n"},"content":{"rendered":"\n<p>Rodrigo M\u00fcller, el nuevo intendente electo de Esperanza, expres\u00f3 su alegr\u00eda y agradecimiento por el apoyo abrumador recibido por parte de la comunidad. <\/p>\n\n\n\n<p>Al mismo tiempo, reconoci\u00f3 la importante responsabilidad que conlleva este respaldo y se comprometi\u00f3 a retribuirlo a trav\u00e9s de una gesti\u00f3n comprometida y un arduo trabajo en beneficio de la ciudad.<\/p>\n\n\n\n<p>Cuando se le pregunt\u00f3 sobre la posibilidad de reunirse con la actual intendenta, Ana Meiners, M\u00fcller se mostr\u00f3 receptivo. <\/p>\n\n\n\n<p>M\u00fcller anticip\u00f3 que ten\u00eda previsto visitar la Intendencia pronto y valor\u00f3 la actitud positiva de Ana Meiners, quien se ha comprometido a facilitar una transici\u00f3n fluida. <\/p>\n\n\n\n<p>Rodrigo expres\u00f3 su disposici\u00f3n a colaborar en esta transici\u00f3n, destacando la necesidad de determinar qu\u00e9 informaci\u00f3n ser\u00e1 necesaria para el proceso. A pesar de algunos obst\u00e1culos en su agenda, subray\u00f3 su constante comunicaci\u00f3n telef\u00f3nica con la intendenta actual y confirm\u00f3 su intenci\u00f3n de acercarse a la Intendencia en el futuro cercano.<\/p>\n\n\n\n<p>En cuanto al proceso de transici\u00f3n, anticip\u00f3 que las \u00e1reas de Legales y Hacienda, as\u00ed como miembros clave de sus respectivos equipos, desempe\u00f1ar\u00e1n un papel fundamental en la obtenci\u00f3n de informaci\u00f3n y la aclaraci\u00f3n de cualquier pregunta que surja durante esta etapa crucial.<\/p>\n\n\n\n<p>El intendente electo subray\u00f3 su intenci\u00f3n de abordar los desaf\u00edos de la ciudad desde una perspectiva renovada en cada una de las Secretar\u00edas. <\/p>\n\n\n\n<p>En ese sentido, se\u00f1al\u00f3 que la Secretar\u00eda de Promoci\u00f3n Social ser\u00e1 renombrada como Desarrollo Humano, reflejando su compromiso con el bienestar y el progreso de las personas. Adem\u00e1s, plante\u00f3 la idea de centralizar temas relacionados con el control de tr\u00e1nsito, Protecci\u00f3n Civil y seguridad en una \u00fanica \u00e1rea con un l\u00edder designado.<\/p>\n<!-- AddThis Advanced Settings generic via filter on the_content --><!-- AddThis Share Buttons generic via filter on the_content -->","protected":false},"excerpt":{"rendered":"<p>Rodrigo M\u00fcller, el nuevo intendente electo de Esperanza, expres\u00f3 su alegr\u00eda y agradecimiento por el apoyo [&hellip;]<!-- AddThis Advanced Settings generic via filter on get_the_excerpt --><!-- AddThis Share Buttons generic via filter on get_the_excerpt --><\/p>\n","protected":false},"author":16,"featured_media":40612,"comment_status":"open","ping_status":"open","sticky":false,"template":"","format":"standard","meta":{"_seopress_robots_primary_cat":"none","_seopress_titles_title":"","_seopress_titles_desc":"","_seopress_robots_index":"","_themeisle_gutenberg_block_has_review":false,"footnotes":""},"categories":[2,164,21,47,9],"tags":[],"class_list":["post-40603","post","type-post","status-publish","format-standard","has-post-thumbnail","hentry","category-actualidad","category-ambiente","category-las-colonias","category-locales","category-politica"],"_links":{"self":[{"href":"https:\/\/www.almargenweb.com.ar\/web\/wp-json\/wp\/v2\/posts\/40603","targetHints":{"allow":["GET"]}}],"collection":[{"href":"https:\/\/www.almargenweb.com.ar\/web\/wp-json\/wp\/v2\/posts"}],"about":[{"href":"https:\/\/www.almargenweb.com.ar\/web\/wp-json\/wp\/v2\/types\/post"}],"author":[{"embeddable":true,"href":"https:\/\/www.almargenweb.com.ar\/web\/wp-json\/wp\/v2\/users\/16"}],"replies":[{"embeddable":true,"href":"https:\/\/www.almargenweb.com.ar\/web\/wp-json\/wp\/v2\/comments?post=40603"}],"version-history":[{"count":1,"href":"https:\/\/www.almargenweb.com.ar\/web\/wp-json\/wp\/v2\/posts\/40603\/revisions"}],"predecessor-version":[{"id":40613,"href":"https:\/\/www.almargenweb.com.ar\/web\/wp-json\/wp\/v2\/posts\/40603\/revisions\/40613"}],"wp:featuredmedia":[{"embeddable":true,"href":"https:\/\/www.almargenweb.com.ar\/web\/wp-json\/wp\/v2\/media\/40612"}],"wp:attachment":[{"href":"https:\/\/www.almargenweb.com.ar\/web\/wp-json\/wp\/v2\/media?parent=40603"}],"wp:term":[{"taxonomy":"category","embeddable":true,"href":"https:\/\/www.almargenweb.com.ar\/web\/wp-json\/wp\/v2\/categories?post=40603"},{"taxonomy":"post_tag","embeddable":true,"href":"https:\/\/www.almargenweb.com.ar\/web\/wp-json\/wp\/v2\/tags?post=40603"}],"curies":[{"name":"wp","href":"https:\/\/api.w.org\/{rel}","templated":true}]}}