{"id":40593,"date":"2023-09-11T10:45:14","date_gmt":"2023-09-11T13:45:14","guid":{"rendered":"http:\/\/www.almargenweb.com.ar\/web\/?p=40593"},"modified":"2023-09-11T10:45:14","modified_gmt":"2023-09-11T13:45:14","slug":"definiciones-en-el-resto-del-departamento-las-colonias","status":"publish","type":"post","link":"https:\/\/www.almargenweb.com.ar\/web\/definiciones-en-el-resto-del-departamento-las-colonias\/","title":{"rendered":"Definiciones en el resto del departamento Las Colonias"},"content":{"rendered":"\n<p>En San Carlos Sud, la actual presidenta comunal Florencia Primo logr\u00f3 la reelecci\u00f3n con una importante diferencia. El acompa\u00f1amiento de los vecinos se not\u00f3 en el resultado final: 1121 votos frente a los 344 del ex Jefe Comunal Albino Pons.<\/p>\n\n\n\n<p>Mientras que en Pilar, Carlos Mart\u00ednez, de Unidos para Cambiar Santa Fe, obtuvo 1,772 votos.<\/p>\n\n\n\n<p>En la tercera ciudad de Las Colonias en la categor\u00eda gobernador se impon\u00eda Maximiliano Pullaro con el 76,57%, frente al 15,8% de Marcelo Lewandowski. <\/p>\n\n\n\n<p>En Diputados hubo una clara victoria para la candidata de Unidos ara Cambiar Santa Fe, Calara Garc\u00eda con el 46.8% de los votos frente al 23% de Omar Perotti. En tercer lugar qued\u00f3 Amalia Granata con el 19,5%.<\/p>\n<!-- AddThis Advanced Settings generic via filter on the_content --><!-- AddThis Share Buttons generic via filter on the_content -->","protected":false},"excerpt":{"rendered":"<p>En San Carlos Sud, la actual presidenta comunal Florencia Primo logr\u00f3 la reelecci\u00f3n con una importante [&hellip;]<!-- AddThis Advanced Settings generic via filter on get_the_excerpt --><!-- AddThis Share Buttons generic via filter on get_the_excerpt --><\/p>\n","protected":false},"author":16,"featured_media":40596,"comment_status":"open","ping_status":"open","sticky":false,"template":"","format":"standard","meta":{"_seopress_robots_primary_cat":"none","_seopress_titles_title":"","_seopress_titles_desc":"","_seopress_robots_index":"","_themeisle_gutenberg_block_has_review":false,"footnotes":""},"categories":[2,164,9],"tags":[],"class_list":["post-40593","post","type-post","status-publish","format-standard","has-post-thumbnail","hentry","category-actualidad","category-ambiente","category-politica"],"_links":{"self":[{"href":"https:\/\/www.almargenweb.com.ar\/web\/wp-json\/wp\/v2\/posts\/40593","targetHints":{"allow":["GET"]}}],"collection":[{"href":"https:\/\/www.almargenweb.com.ar\/web\/wp-json\/wp\/v2\/posts"}],"about":[{"href":"https:\/\/www.almargenweb.com.ar\/web\/wp-json\/wp\/v2\/types\/post"}],"author":[{"embeddable":true,"href":"https:\/\/www.almargenweb.com.ar\/web\/wp-json\/wp\/v2\/users\/16"}],"replies":[{"embeddable":true,"href":"https:\/\/www.almargenweb.com.ar\/web\/wp-json\/wp\/v2\/comments?post=40593"}],"version-history":[{"count":1,"href":"https:\/\/www.almargenweb.com.ar\/web\/wp-json\/wp\/v2\/posts\/40593\/revisions"}],"predecessor-version":[{"id":40597,"href":"https:\/\/www.almargenweb.com.ar\/web\/wp-json\/wp\/v2\/posts\/40593\/revisions\/40597"}],"wp:featuredmedia":[{"embeddable":true,"href":"https:\/\/www.almargenweb.com.ar\/web\/wp-json\/wp\/v2\/media\/40596"}],"wp:attachment":[{"href":"https:\/\/www.almargenweb.com.ar\/web\/wp-json\/wp\/v2\/media?parent=40593"}],"wp:term":[{"taxonomy":"category","embeddable":true,"href":"https:\/\/www.almargenweb.com.ar\/web\/wp-json\/wp\/v2\/categories?post=40593"},{"taxonomy":"post_tag","embeddable":true,"href":"https:\/\/www.almargenweb.com.ar\/web\/wp-json\/wp\/v2\/tags?post=40593"}],"curies":[{"name":"wp","href":"https:\/\/api.w.org\/{rel}","templated":true}]}}