{"id":40588,"date":"2023-09-11T10:02:15","date_gmt":"2023-09-11T13:02:15","guid":{"rendered":"http:\/\/www.almargenweb.com.ar\/web\/?p=40588"},"modified":"2023-09-11T10:02:16","modified_gmt":"2023-09-11T13:02:16","slug":"rodrigo-muller-es-el-nuevo-intendente-de-esperanza","status":"publish","type":"post","link":"https:\/\/www.almargenweb.com.ar\/web\/rodrigo-muller-es-el-nuevo-intendente-de-esperanza\/","title":{"rendered":"Rodrigo M\u00fcller es el nuevo Intendente de Esperanza"},"content":{"rendered":"\n<p>Juntos por el Cambio arras\u00f3 en Esperanza despu\u00e9s de 16 a\u00f1os; el actual edil de 47 a\u00f1os, Rodrigo M\u00fcller ser\u00e1 el nuevo intendente.<\/p>\n\n\n\n<p>En una elecci\u00f3n contundente, M\u00fcller logr\u00f3 una victoria aplastante con el 56% de los votos. Mart\u00edn Franconi, oficialista, se ubica en segundo lugar con el 23%, seguido por Andrea Mart\u00ednez de la Coalici\u00f3n C\u00edvica con el 20%<\/p>\n\n\n\n<p>M\u00fcller dej\u00f3 un mensaje en sus redes sociales minutos despu\u00e9s de emitir su voto:<\/p>\n\n\n\n<p> \u201cEsperanza tiene mucho potencial y ejercer el derecho a votar es el primer paso para empezar a construir juntos las ciudad que queremos. Estoy agradecido por el recorrido hecho durante todos estos meses. Por cada palabra, cada palmada, cada mensaje de aliento que se convirtieron en mi motor y fuerza para no bajar los brazos\u201d, remarc\u00f3 quien desde el 10 de diciembre ser\u00e1 el nuevo intendente de la ciudad cabecera del departamento Las Colonias.<\/p>\n\n\n\n<p>En tanto en la carrera al Concejo de Esperanza tuvo un claro ganador. Se trata de Mariano Puig de Unidos para Cambiar Santa Fe quien se impuso con el 38,83% de los votos. <\/p>\n\n\n\n<p>La pobre elecci\u00f3n del justicialismo, sin Ana Meiners entre las opciones y con divisiones internas, marca su retirada despu\u00e9s de 16 a\u00f1os de gobierno en la ciudad.<\/p>\n<!-- AddThis Advanced Settings generic via filter on the_content --><!-- AddThis Share Buttons generic via filter on the_content -->","protected":false},"excerpt":{"rendered":"<p>Juntos por el Cambio arras\u00f3 en Esperanza despu\u00e9s de 16 a\u00f1os; el actual edil de 47 [&hellip;]<!-- AddThis Advanced Settings generic via filter on get_the_excerpt --><!-- AddThis Share Buttons generic via filter on get_the_excerpt --><\/p>\n","protected":false},"author":16,"featured_media":40591,"comment_status":"open","ping_status":"open","sticky":false,"template":"","format":"standard","meta":{"_seopress_robots_primary_cat":"none","_seopress_titles_title":"","_seopress_titles_desc":"","_seopress_robots_index":"","_themeisle_gutenberg_block_has_review":false,"footnotes":""},"categories":[2,164,21,9,29],"tags":[],"class_list":["post-40588","post","type-post","status-publish","format-standard","has-post-thumbnail","hentry","category-actualidad","category-ambiente","category-las-colonias","category-politica","category-regionales"],"_links":{"self":[{"href":"https:\/\/www.almargenweb.com.ar\/web\/wp-json\/wp\/v2\/posts\/40588","targetHints":{"allow":["GET"]}}],"collection":[{"href":"https:\/\/www.almargenweb.com.ar\/web\/wp-json\/wp\/v2\/posts"}],"about":[{"href":"https:\/\/www.almargenweb.com.ar\/web\/wp-json\/wp\/v2\/types\/post"}],"author":[{"embeddable":true,"href":"https:\/\/www.almargenweb.com.ar\/web\/wp-json\/wp\/v2\/users\/16"}],"replies":[{"embeddable":true,"href":"https:\/\/www.almargenweb.com.ar\/web\/wp-json\/wp\/v2\/comments?post=40588"}],"version-history":[{"count":1,"href":"https:\/\/www.almargenweb.com.ar\/web\/wp-json\/wp\/v2\/posts\/40588\/revisions"}],"predecessor-version":[{"id":40592,"href":"https:\/\/www.almargenweb.com.ar\/web\/wp-json\/wp\/v2\/posts\/40588\/revisions\/40592"}],"wp:featuredmedia":[{"embeddable":true,"href":"https:\/\/www.almargenweb.com.ar\/web\/wp-json\/wp\/v2\/media\/40591"}],"wp:attachment":[{"href":"https:\/\/www.almargenweb.com.ar\/web\/wp-json\/wp\/v2\/media?parent=40588"}],"wp:term":[{"taxonomy":"category","embeddable":true,"href":"https:\/\/www.almargenweb.com.ar\/web\/wp-json\/wp\/v2\/categories?post=40588"},{"taxonomy":"post_tag","embeddable":true,"href":"https:\/\/www.almargenweb.com.ar\/web\/wp-json\/wp\/v2\/tags?post=40588"}],"curies":[{"name":"wp","href":"https:\/\/api.w.org\/{rel}","templated":true}]}}