{"id":40583,"date":"2023-09-09T08:43:06","date_gmt":"2023-09-09T11:43:06","guid":{"rendered":"http:\/\/www.almargenweb.com.ar\/web\/?p=40583"},"modified":"2023-09-09T08:43:07","modified_gmt":"2023-09-09T11:43:07","slug":"elecciones-santa-fe-2023-que-se-vota-y-como-consultar-el-padron","status":"publish","type":"post","link":"https:\/\/www.almargenweb.com.ar\/web\/elecciones-santa-fe-2023-que-se-vota-y-como-consultar-el-padron\/","title":{"rendered":"Elecciones Santa Fe 2023: qu\u00e9 se vota y c\u00f3mo consultar el padr\u00f3n"},"content":{"rendered":"\n<p>Los comicios provinciales de este domingo 10 de septiembre definen al pr\u00f3ximo gobernador y vice, as\u00ed como cargos legislativos y municipales; toda la informaci\u00f3n para acudir a las urnas.<\/p>\n\n\n\n<p>Tal como ocurri\u00f3 en las\u00a0elecciones primarias, abiertas, simult\u00e1neas y obligatorias (PASO)\u00a0del 16 de julio, se utilizar\u00e1 la boleta \u00fanica.<\/p>\n\n\n\n<p><strong>Se elegir\u00e1n los siguientes cargos:<\/strong><\/p>\n\n\n\n<ul class=\"wp-block-list\">\n<li>Gobernador y vice para el per\u00edodo 2023-2027.<\/li>\n\n\n\n<li>50 diputados provinciales que tendr\u00e1n cuatro a\u00f1os de mandato, entre 2023 y 2027.<\/li>\n\n\n\n<li>19 senadores provinciales tambi\u00e9n para el per\u00edodo 2023-2027.<\/li>\n\n\n\n<li>Intendentes en 46 ciudades, cuyos mandatos durar\u00e1n cuatro a\u00f1os. Otras 14 ciudades de la provincia eligen sus intendentes en los a\u00f1os de los comicios intermedios.<\/li>\n\n\n\n<li>Concejales municipales en las 60 ciudades de la provincia. Se renuevan por mitades cada dos a\u00f1os.<\/li>\n\n\n\n<li>Comisiones comunales en 305 pueblos de la provincia de Santa Fe.<\/li>\n<\/ul>\n\n\n\n<p>Para consultar d\u00f3nde voto el Tribunal Electoral de la Provincia de Santa Fe puso a disposici\u00f3n:<\/p>\n\n\n\n<p> <a href=\"https:\/\/www.santafe.gov.ar\/elecciones2023\/consultaPadronDefinitivo\/index.php\">Consulta Padr\u00f3n Definitivo &#8211; Elecciones Generales 2023 (santafe.gov.ar)<\/a><\/p>\n\n\n\n<p><strong>Cu\u00e1l es la sanci\u00f3n por no votar<\/strong><br>Se impondr\u00e1 una multa de $50 a $500 al ciudadano mayor de 18 a\u00f1os y menor de 70 que no emita su voto y no se justifique ante la Justicia Nacional Electoral dentro de los 60 d\u00edas de la elecci\u00f3n en cuesti\u00f3n. Cuando se acredite la no emisi\u00f3n por alguna de las causales que prev\u00e9 el art\u00edculo 12 de la ley electoral, se entregar\u00e1 una constancia al efecto.<\/p>\n\n\n\n<p><\/p>\n<!-- AddThis Advanced Settings generic via filter on the_content --><!-- AddThis Share Buttons generic via filter on the_content -->","protected":false},"excerpt":{"rendered":"<p>Los comicios provinciales de este domingo 10 de septiembre definen al pr\u00f3ximo gobernador y vice, as\u00ed [&hellip;]<!-- AddThis Advanced Settings generic via filter on get_the_excerpt --><!-- AddThis Share Buttons generic via filter on get_the_excerpt --><\/p>\n","protected":false},"author":16,"featured_media":40586,"comment_status":"open","ping_status":"open","sticky":false,"template":"","format":"standard","meta":{"_seopress_robots_primary_cat":"none","_seopress_titles_title":"","_seopress_titles_desc":"","_seopress_robots_index":"","_themeisle_gutenberg_block_has_review":false,"footnotes":""},"categories":[2,164],"tags":[],"class_list":["post-40583","post","type-post","status-publish","format-standard","has-post-thumbnail","hentry","category-actualidad","category-ambiente"],"_links":{"self":[{"href":"https:\/\/www.almargenweb.com.ar\/web\/wp-json\/wp\/v2\/posts\/40583","targetHints":{"allow":["GET"]}}],"collection":[{"href":"https:\/\/www.almargenweb.com.ar\/web\/wp-json\/wp\/v2\/posts"}],"about":[{"href":"https:\/\/www.almargenweb.com.ar\/web\/wp-json\/wp\/v2\/types\/post"}],"author":[{"embeddable":true,"href":"https:\/\/www.almargenweb.com.ar\/web\/wp-json\/wp\/v2\/users\/16"}],"replies":[{"embeddable":true,"href":"https:\/\/www.almargenweb.com.ar\/web\/wp-json\/wp\/v2\/comments?post=40583"}],"version-history":[{"count":1,"href":"https:\/\/www.almargenweb.com.ar\/web\/wp-json\/wp\/v2\/posts\/40583\/revisions"}],"predecessor-version":[{"id":40587,"href":"https:\/\/www.almargenweb.com.ar\/web\/wp-json\/wp\/v2\/posts\/40583\/revisions\/40587"}],"wp:featuredmedia":[{"embeddable":true,"href":"https:\/\/www.almargenweb.com.ar\/web\/wp-json\/wp\/v2\/media\/40586"}],"wp:attachment":[{"href":"https:\/\/www.almargenweb.com.ar\/web\/wp-json\/wp\/v2\/media?parent=40583"}],"wp:term":[{"taxonomy":"category","embeddable":true,"href":"https:\/\/www.almargenweb.com.ar\/web\/wp-json\/wp\/v2\/categories?post=40583"},{"taxonomy":"post_tag","embeddable":true,"href":"https:\/\/www.almargenweb.com.ar\/web\/wp-json\/wp\/v2\/tags?post=40583"}],"curies":[{"name":"wp","href":"https:\/\/api.w.org\/{rel}","templated":true}]}}