{"id":40578,"date":"2023-09-08T20:58:25","date_gmt":"2023-09-08T23:58:25","guid":{"rendered":"http:\/\/www.almargenweb.com.ar\/web\/?p=40578"},"modified":"2023-09-08T20:58:25","modified_gmt":"2023-09-08T23:58:25","slug":"santa-fe-2023-insisten-con-la-prohibicion-del-celular-en-el-cuarto-de-votacion","status":"publish","type":"post","link":"https:\/\/www.almargenweb.com.ar\/web\/santa-fe-2023-insisten-con-la-prohibicion-del-celular-en-el-cuarto-de-votacion\/","title":{"rendered":"Santa Fe 2023: insisten con la prohibici\u00f3n del celular en el cuarto de votaci\u00f3n"},"content":{"rendered":"\n<p>El secretario Electoral de la Provincia, Pablo Ayala se refiri\u00f3 a las elecciones generales del pr\u00f3ximo domingo y record\u00f3 que no se puede manipular ning\u00fan dispositivo m\u00f3vil adentro del box de votaci\u00f3n.<\/p>\n\n\n\n<p>La prohibici\u00f3n de la utilizaci\u00f3n del uso de tel\u00e9fonos celulares, c\u00e1maras fotogr\u00e1ficas o de video, as\u00ed como cualquier otro dispositivo apto para la obtenci\u00f3n o reproducci\u00f3n de im\u00e1genes dentro del box de votaci\u00f3n es para garantizar la confidencialidad del voto. <\/p>\n\n\n\n<p>Si el presidente de mesa detectara alguna irregularidad puede anular el sufragio.<\/p>\n<!-- AddThis Advanced Settings generic via filter on the_content --><!-- AddThis Share Buttons generic via filter on the_content -->","protected":false},"excerpt":{"rendered":"<p>El secretario Electoral de la Provincia, Pablo Ayala se refiri\u00f3 a las elecciones generales del pr\u00f3ximo [&hellip;]<!-- AddThis Advanced Settings generic via filter on get_the_excerpt --><!-- AddThis Share Buttons generic via filter on get_the_excerpt --><\/p>\n","protected":false},"author":16,"featured_media":40581,"comment_status":"open","ping_status":"open","sticky":false,"template":"","format":"standard","meta":{"_seopress_robots_primary_cat":"none","_seopress_titles_title":"","_seopress_titles_desc":"","_seopress_robots_index":"","_themeisle_gutenberg_block_has_review":false,"footnotes":""},"categories":[2,164],"tags":[],"class_list":["post-40578","post","type-post","status-publish","format-standard","has-post-thumbnail","hentry","category-actualidad","category-ambiente"],"_links":{"self":[{"href":"https:\/\/www.almargenweb.com.ar\/web\/wp-json\/wp\/v2\/posts\/40578","targetHints":{"allow":["GET"]}}],"collection":[{"href":"https:\/\/www.almargenweb.com.ar\/web\/wp-json\/wp\/v2\/posts"}],"about":[{"href":"https:\/\/www.almargenweb.com.ar\/web\/wp-json\/wp\/v2\/types\/post"}],"author":[{"embeddable":true,"href":"https:\/\/www.almargenweb.com.ar\/web\/wp-json\/wp\/v2\/users\/16"}],"replies":[{"embeddable":true,"href":"https:\/\/www.almargenweb.com.ar\/web\/wp-json\/wp\/v2\/comments?post=40578"}],"version-history":[{"count":1,"href":"https:\/\/www.almargenweb.com.ar\/web\/wp-json\/wp\/v2\/posts\/40578\/revisions"}],"predecessor-version":[{"id":40582,"href":"https:\/\/www.almargenweb.com.ar\/web\/wp-json\/wp\/v2\/posts\/40578\/revisions\/40582"}],"wp:featuredmedia":[{"embeddable":true,"href":"https:\/\/www.almargenweb.com.ar\/web\/wp-json\/wp\/v2\/media\/40581"}],"wp:attachment":[{"href":"https:\/\/www.almargenweb.com.ar\/web\/wp-json\/wp\/v2\/media?parent=40578"}],"wp:term":[{"taxonomy":"category","embeddable":true,"href":"https:\/\/www.almargenweb.com.ar\/web\/wp-json\/wp\/v2\/categories?post=40578"},{"taxonomy":"post_tag","embeddable":true,"href":"https:\/\/www.almargenweb.com.ar\/web\/wp-json\/wp\/v2\/tags?post=40578"}],"curies":[{"name":"wp","href":"https:\/\/api.w.org\/{rel}","templated":true}]}}