{"id":40478,"date":"2023-08-29T13:15:44","date_gmt":"2023-08-29T16:15:44","guid":{"rendered":"http:\/\/www.almargenweb.com.ar\/web\/?p=40478"},"modified":"2023-08-29T13:15:45","modified_gmt":"2023-08-29T16:15:45","slug":"mejoran-la-red-vial-en-la-ruralidad-de-grutly","status":"publish","type":"post","link":"https:\/\/www.almargenweb.com.ar\/web\/mejoran-la-red-vial-en-la-ruralidad-de-grutly\/","title":{"rendered":"Mejoran la red vial en la ruralidad de Gr\u00fctly\u00a0"},"content":{"rendered":"\n<p>V\u00edctor Beltramino, \u00a0recorrio las obras que se hicieron en la zona rural<\/p>\n\n\n\n<p>V\u00edctor Beltramino, presidente comunal de Gr\u00fctly, realiz\u00f3 una visita a las recientes obras llevadas a cabo en las \u00e1reas rurales de esa localidad.<\/p>\n\n\n\n<p>Durante su recorrido, se vieron los avances en la infraestructura vial rural, que han generado un impacto positivo en la conectividad y el desarrollo local. <\/p>\n\n\n\n<p>Desde el ejecutivo local, manifestaron que &#8220;estas obras buscan fortalecer la conectividad y la calidad de vida de los habitantes de la zona&#8221;.<\/p>\n<!-- AddThis Advanced Settings generic via filter on the_content --><!-- AddThis Share Buttons generic via filter on the_content -->","protected":false},"excerpt":{"rendered":"<p>V\u00edctor Beltramino, \u00a0recorrio las obras que se hicieron en la zona rural V\u00edctor Beltramino, presidente comunal [&hellip;]<!-- AddThis Advanced Settings generic via filter on get_the_excerpt --><!-- AddThis Share Buttons generic via filter on get_the_excerpt --><\/p>\n","protected":false},"author":16,"featured_media":40481,"comment_status":"open","ping_status":"open","sticky":false,"template":"","format":"standard","meta":{"_seopress_robots_primary_cat":"none","_seopress_titles_title":"","_seopress_titles_desc":"","_seopress_robots_index":"","_themeisle_gutenberg_block_has_review":false,"footnotes":""},"categories":[2,164,20,21],"tags":[],"class_list":["post-40478","post","type-post","status-publish","format-standard","has-post-thumbnail","hentry","category-actualidad","category-ambiente","category-departamentales","category-las-colonias"],"_links":{"self":[{"href":"https:\/\/www.almargenweb.com.ar\/web\/wp-json\/wp\/v2\/posts\/40478","targetHints":{"allow":["GET"]}}],"collection":[{"href":"https:\/\/www.almargenweb.com.ar\/web\/wp-json\/wp\/v2\/posts"}],"about":[{"href":"https:\/\/www.almargenweb.com.ar\/web\/wp-json\/wp\/v2\/types\/post"}],"author":[{"embeddable":true,"href":"https:\/\/www.almargenweb.com.ar\/web\/wp-json\/wp\/v2\/users\/16"}],"replies":[{"embeddable":true,"href":"https:\/\/www.almargenweb.com.ar\/web\/wp-json\/wp\/v2\/comments?post=40478"}],"version-history":[{"count":1,"href":"https:\/\/www.almargenweb.com.ar\/web\/wp-json\/wp\/v2\/posts\/40478\/revisions"}],"predecessor-version":[{"id":40482,"href":"https:\/\/www.almargenweb.com.ar\/web\/wp-json\/wp\/v2\/posts\/40478\/revisions\/40482"}],"wp:featuredmedia":[{"embeddable":true,"href":"https:\/\/www.almargenweb.com.ar\/web\/wp-json\/wp\/v2\/media\/40481"}],"wp:attachment":[{"href":"https:\/\/www.almargenweb.com.ar\/web\/wp-json\/wp\/v2\/media?parent=40478"}],"wp:term":[{"taxonomy":"category","embeddable":true,"href":"https:\/\/www.almargenweb.com.ar\/web\/wp-json\/wp\/v2\/categories?post=40478"},{"taxonomy":"post_tag","embeddable":true,"href":"https:\/\/www.almargenweb.com.ar\/web\/wp-json\/wp\/v2\/tags?post=40478"}],"curies":[{"name":"wp","href":"https:\/\/api.w.org\/{rel}","templated":true}]}}