{"id":40378,"date":"2023-08-17T11:41:22","date_gmt":"2023-08-17T14:41:22","guid":{"rendered":"http:\/\/www.almargenweb.com.ar\/web\/?p=40378"},"modified":"2023-08-17T11:41:23","modified_gmt":"2023-08-17T14:41:23","slug":"el-senador-michlig-fortalece-la-conexion-con-la-comunidad-en-su-gira-por-distintas-localidades","status":"publish","type":"post","link":"https:\/\/www.almargenweb.com.ar\/web\/el-senador-michlig-fortalece-la-conexion-con-la-comunidad-en-su-gira-por-distintas-localidades\/","title":{"rendered":"El Senador Michlig fortalece la conexi\u00f3n con la comunidad en su gira por distintas localidades"},"content":{"rendered":"\n<p>Este martes el Senador Felipe Michlig, el Diputado Marcelo Gonz\u00e1lez y la candidata a senadora suplente Mar\u00eda Paula Salari visitaron las localidades de Capivara y Santurce en donde se reunieron con autoridades locales, visitaron instituciones educativas y entregaron elementos de fortalecimiento institucional.<\/p>\n\n\n\n<p>\u201cPese a la dura situaci\u00f3n seguimos tratando de fortalecer a todas las instituciones de todas las comunidades para que ninguna detenga su marcha, alentando a cumplir objetivos por m\u00e1s peque\u00f1os que sean, pero siempre tirando para adelante. Hoy pudimos ayudar instituciones educativas y deportivas que son eslabones fundamentales del desarrollo social, aunque hoy tengamos un gobierno provincial ausente que parece que no darse cuenta de tal importancia\u201d, sostuvo el Senador Michlig<\/p>\n\n\n\n<p>Capivara<\/p>\n\n\n\n<p>En Capivara junto a la Pe. Comunal Adriana C\u00f3rdoba visitaron la Escuela primaria N\u00b01022 &#8220;Domingo F. Sarmiento donde tambi\u00e9n funciona el N\u00facleo Rural secundario E.S.O N\u00b04339. All\u00ed fueron recibidos por la Directora de la Escuela Silvia Brillada y el Coordinador del n\u00facleo Germ\u00e1n Barcel\u00f3.<\/p>\n\n\n\n<p>En la oportunidad se hizo entrega de una cortadora de pasto a explosi\u00f3n 4 tiempos marca EVEREST de 145 cc, que hab\u00edan solicitado en la anterior visita, que hicieron los legisladores presentes junto a Maximiliano Pullaro. Asimismo, en el marco del Programa Departamental +Deportes entregaron pelotas de f\u00fatbol, b\u00e1squet y v\u00f3ley para la educaci\u00f3n f\u00edsica de los escolares.<\/p>\n\n\n\n<p>Por otra parte, entregaron un aporte econ\u00f3mico a la academia de danzas folcl\u00f3ricas &#8220;atravesando sue\u00f1os&#8221;, que fue recibido por Sebasti\u00e1n Ferrer y Marcela Scudalletti quienes son profesores de la academia, quienes agradecieron la ayuda de los legisladores y la Pte. Comunal para realizar un viaje en el mes de julio a Las Rosas donde se realiz\u00f3 el festival nacional de danzas folcl\u00f3ricas y \u201clos chicos pudieron cumplir un sue\u00f1o y demostrar todo su arte\u201d, expres\u00f3 Ferrer.<\/p>\n\n\n\n<p>Santurce<\/p>\n\n\n\n<p>En Santurce junto al Presidente Comunal Fernando Nieva concurrieron al Club Deportivo Santurce en donde entregaron pelotas, conos, tortuguitas, juego de red, escaleritas y pelotas de f\u00fatbol. Asimismo, colaboraron con los trofeos que ser\u00e1n utilizados para el torneo libre que se realiza en el pueblo en marco de las Fiestas Patronales.<\/p>\n\n\n\n<p>El Diputado Gonz\u00e1lez destac\u00f3 el trabajo comprometido de los directivos de las instituciones que son los que est\u00e1n en lo cotidiano lidiando con todo tipo de necesidades y no bajan los brazos para encontrar soluciones, por eso a ellos nos debemos\u201d.<\/p>\n<!-- AddThis Advanced Settings generic via filter on the_content --><!-- AddThis Share Buttons generic via filter on the_content -->","protected":false},"excerpt":{"rendered":"<p>Este martes el Senador Felipe Michlig, el Diputado Marcelo Gonz\u00e1lez y la candidata a senadora suplente [&hellip;]<!-- AddThis Advanced Settings generic via filter on get_the_excerpt --><!-- AddThis Share Buttons generic via filter on get_the_excerpt --><\/p>\n","protected":false},"author":16,"featured_media":40381,"comment_status":"open","ping_status":"open","sticky":false,"template":"","format":"standard","meta":{"_seopress_robots_primary_cat":"none","_seopress_titles_title":"","_seopress_titles_desc":"","_seopress_robots_index":"","_themeisle_gutenberg_block_has_review":false,"footnotes":""},"categories":[2,164,20,9,321],"tags":[],"class_list":["post-40378","post","type-post","status-publish","format-standard","has-post-thumbnail","hentry","category-actualidad","category-ambiente","category-departamentales","category-politica","category-san-cristobal"],"_links":{"self":[{"href":"https:\/\/www.almargenweb.com.ar\/web\/wp-json\/wp\/v2\/posts\/40378","targetHints":{"allow":["GET"]}}],"collection":[{"href":"https:\/\/www.almargenweb.com.ar\/web\/wp-json\/wp\/v2\/posts"}],"about":[{"href":"https:\/\/www.almargenweb.com.ar\/web\/wp-json\/wp\/v2\/types\/post"}],"author":[{"embeddable":true,"href":"https:\/\/www.almargenweb.com.ar\/web\/wp-json\/wp\/v2\/users\/16"}],"replies":[{"embeddable":true,"href":"https:\/\/www.almargenweb.com.ar\/web\/wp-json\/wp\/v2\/comments?post=40378"}],"version-history":[{"count":1,"href":"https:\/\/www.almargenweb.com.ar\/web\/wp-json\/wp\/v2\/posts\/40378\/revisions"}],"predecessor-version":[{"id":40382,"href":"https:\/\/www.almargenweb.com.ar\/web\/wp-json\/wp\/v2\/posts\/40378\/revisions\/40382"}],"wp:featuredmedia":[{"embeddable":true,"href":"https:\/\/www.almargenweb.com.ar\/web\/wp-json\/wp\/v2\/media\/40381"}],"wp:attachment":[{"href":"https:\/\/www.almargenweb.com.ar\/web\/wp-json\/wp\/v2\/media?parent=40378"}],"wp:term":[{"taxonomy":"category","embeddable":true,"href":"https:\/\/www.almargenweb.com.ar\/web\/wp-json\/wp\/v2\/categories?post=40378"},{"taxonomy":"post_tag","embeddable":true,"href":"https:\/\/www.almargenweb.com.ar\/web\/wp-json\/wp\/v2\/tags?post=40378"}],"curies":[{"name":"wp","href":"https:\/\/api.w.org\/{rel}","templated":true}]}}