{"id":40362,"date":"2023-08-15T14:06:34","date_gmt":"2023-08-15T17:06:34","guid":{"rendered":"http:\/\/www.almargenweb.com.ar\/web\/?p=40362"},"modified":"2023-08-15T14:16:56","modified_gmt":"2023-08-15T17:16:56","slug":"aparece-aguara-guazu-en-la-zona-este-de-esperanza","status":"publish","type":"post","link":"https:\/\/www.almargenweb.com.ar\/web\/aparece-aguara-guazu-en-la-zona-este-de-esperanza\/","title":{"rendered":"Aparece aguar\u00e1 guaz\u00fa en la zona este de Esperanza"},"content":{"rendered":"\n<p>Un ejemplar j\u00f3ven de Aguar\u00e1 guaz\u00fa fue encontrado en el interior de una vivienda de la zona este de la ciudad,en la ma\u00f1ana de hoy, martes. <\/p>\n\n\n\n<p>Los vecinos de inmediato contactaron al guardafauna Juan Mart\u00edn Mastropaolo quien se moviliz\u00f3 r\u00e1pidamente hacia el lugar del avistamiento, que junto con los m\u00e9dicos veterinarios evaluar\u00e1n el estado del animal para su posterior liberaci\u00f3n.<\/p>\n\n\n\n<p>El aguar\u00e1 guaz\u00fa (Chrysocyon brachyurus), en guaran\u00ed significa \u201czorro grande\u201d, es, como su nombre lo indica, el m\u00e1s grande de los zorros sudamericanos.<\/p>\n\n\n\n<p>\u00c9ste c\u00e1nido no es peligroso para el hombre, al contrario, trata de huir en presencia de \u00e9ste. Est\u00e1 en serio riesgo de extinci\u00f3n y es un deber de todos poder salvarlo. <\/p>\n\n\n\n<p>En la provincia de Santa Fe, est\u00e1 declarado &#8220;monumento natural provincial&#8221;, la m\u00e1xima categor\u00eda de protecci\u00f3n.<\/p>\n<!-- AddThis Advanced Settings generic via filter on the_content --><!-- AddThis Share Buttons generic via filter on the_content -->","protected":false},"excerpt":{"rendered":"<p>Un ejemplar j\u00f3ven de Aguar\u00e1 guaz\u00fa fue encontrado en el interior de una vivienda de la [&hellip;]<!-- AddThis Advanced Settings generic via filter on get_the_excerpt --><!-- AddThis Share Buttons generic via filter on get_the_excerpt --><\/p>\n","protected":false},"author":16,"featured_media":40365,"comment_status":"open","ping_status":"open","sticky":false,"template":"","format":"standard","meta":{"_seopress_robots_primary_cat":"none","_seopress_titles_title":"","_seopress_titles_desc":"","_seopress_robots_index":"","_themeisle_gutenberg_block_has_review":false,"footnotes":""},"categories":[2,164,29],"tags":[],"class_list":["post-40362","post","type-post","status-publish","format-standard","has-post-thumbnail","hentry","category-actualidad","category-ambiente","category-regionales"],"_links":{"self":[{"href":"https:\/\/www.almargenweb.com.ar\/web\/wp-json\/wp\/v2\/posts\/40362","targetHints":{"allow":["GET"]}}],"collection":[{"href":"https:\/\/www.almargenweb.com.ar\/web\/wp-json\/wp\/v2\/posts"}],"about":[{"href":"https:\/\/www.almargenweb.com.ar\/web\/wp-json\/wp\/v2\/types\/post"}],"author":[{"embeddable":true,"href":"https:\/\/www.almargenweb.com.ar\/web\/wp-json\/wp\/v2\/users\/16"}],"replies":[{"embeddable":true,"href":"https:\/\/www.almargenweb.com.ar\/web\/wp-json\/wp\/v2\/comments?post=40362"}],"version-history":[{"count":2,"href":"https:\/\/www.almargenweb.com.ar\/web\/wp-json\/wp\/v2\/posts\/40362\/revisions"}],"predecessor-version":[{"id":40367,"href":"https:\/\/www.almargenweb.com.ar\/web\/wp-json\/wp\/v2\/posts\/40362\/revisions\/40367"}],"wp:featuredmedia":[{"embeddable":true,"href":"https:\/\/www.almargenweb.com.ar\/web\/wp-json\/wp\/v2\/media\/40365"}],"wp:attachment":[{"href":"https:\/\/www.almargenweb.com.ar\/web\/wp-json\/wp\/v2\/media?parent=40362"}],"wp:term":[{"taxonomy":"category","embeddable":true,"href":"https:\/\/www.almargenweb.com.ar\/web\/wp-json\/wp\/v2\/categories?post=40362"},{"taxonomy":"post_tag","embeddable":true,"href":"https:\/\/www.almargenweb.com.ar\/web\/wp-json\/wp\/v2\/tags?post=40362"}],"curies":[{"name":"wp","href":"https:\/\/api.w.org\/{rel}","templated":true}]}}