{"id":40342,"date":"2023-08-14T09:31:29","date_gmt":"2023-08-14T12:31:29","guid":{"rendered":"http:\/\/www.almargenweb.com.ar\/web\/?p=40342"},"modified":"2023-08-14T09:31:30","modified_gmt":"2023-08-14T12:31:30","slug":"se-registro-la-segunda-participacion-mas-baja-desde-que-existen-las-primarias","status":"publish","type":"post","link":"https:\/\/www.almargenweb.com.ar\/web\/se-registro-la-segunda-participacion-mas-baja-desde-que-existen-las-primarias\/","title":{"rendered":"Se registr\u00f3 la segunda participaci\u00f3n m\u00e1s baja desde que existen las Primarias"},"content":{"rendered":"\n<p>La participaci\u00f3n en la las elecciones Primarias, Abiertas, Simult\u00e1neas y Obligatorias fue la segunda m\u00e1s baja que se registra desde que se implement\u00f3 este sistema electoral en 2011: vot\u00f3 apenas el 68,5% del padr\u00f3n.<\/p>\n\n\n\n<p>Hubo un leve incremento con respecto a las PASO de 2021 en las que hab\u00eda sufragado el 67,78% de los votantes habilitados.<\/p>\n\n\n\n<p>Estas cifras igualmente deben compararse seg\u00fan el contexto en el que se produjeron los respectivos actos eleccionarios: en 2021 solamente se eleg\u00edan cargos legislativos y no presidenciales.<\/p>\n\n\n\n<p>Recordamos que en 2021 todav\u00eda exist\u00eda la pandemia generada por el Covid-19, lo que impactaba directamente en la cantidad de personas que se acercaban a votar por el cuidado sanitario, mientras que en este 2023 ese problema no existi\u00f3, lo que demuestra un menor inter\u00e9s de los argentinos a la hora de concurrir a los comicios.<\/p>\n\n\n\n<p><strong>Porcentaje de participaci\u00f3n hist\u00f3rico en las PASO<\/strong><\/p>\n\n\n\n<ul class=\"wp-block-list\">\n<li><strong>2023<\/strong>: 68,5%<\/li>\n\n\n\n<li><strong>2021<\/strong>: 67,78%<\/li>\n\n\n\n<li><strong>2019<\/strong>: 76,40%&nbsp;<\/li>\n\n\n\n<li><strong>2017<\/strong>: 74,96%<\/li>\n\n\n\n<li><strong>2015<\/strong>: 74,91%&nbsp;<\/li>\n\n\n\n<li><strong>2013<\/strong>: 77,39%<\/li>\n\n\n\n<li><strong>2011<\/strong>: 78,67%<\/li>\n<\/ul>\n<!-- AddThis Advanced Settings generic via filter on the_content --><!-- AddThis Share Buttons generic via filter on the_content -->","protected":false},"excerpt":{"rendered":"<p>La participaci\u00f3n en la las elecciones Primarias, Abiertas, Simult\u00e1neas y Obligatorias fue la segunda m\u00e1s baja [&hellip;]<!-- AddThis Advanced Settings generic via filter on get_the_excerpt --><!-- AddThis Share Buttons generic via filter on get_the_excerpt --><\/p>\n","protected":false},"author":16,"featured_media":40346,"comment_status":"open","ping_status":"open","sticky":false,"template":"","format":"standard","meta":{"_seopress_robots_primary_cat":"none","_seopress_titles_title":"","_seopress_titles_desc":"","_seopress_robots_index":"","_themeisle_gutenberg_block_has_review":false,"footnotes":""},"categories":[2,164,9],"tags":[],"class_list":["post-40342","post","type-post","status-publish","format-standard","has-post-thumbnail","hentry","category-actualidad","category-ambiente","category-politica"],"_links":{"self":[{"href":"https:\/\/www.almargenweb.com.ar\/web\/wp-json\/wp\/v2\/posts\/40342","targetHints":{"allow":["GET"]}}],"collection":[{"href":"https:\/\/www.almargenweb.com.ar\/web\/wp-json\/wp\/v2\/posts"}],"about":[{"href":"https:\/\/www.almargenweb.com.ar\/web\/wp-json\/wp\/v2\/types\/post"}],"author":[{"embeddable":true,"href":"https:\/\/www.almargenweb.com.ar\/web\/wp-json\/wp\/v2\/users\/16"}],"replies":[{"embeddable":true,"href":"https:\/\/www.almargenweb.com.ar\/web\/wp-json\/wp\/v2\/comments?post=40342"}],"version-history":[{"count":1,"href":"https:\/\/www.almargenweb.com.ar\/web\/wp-json\/wp\/v2\/posts\/40342\/revisions"}],"predecessor-version":[{"id":40347,"href":"https:\/\/www.almargenweb.com.ar\/web\/wp-json\/wp\/v2\/posts\/40342\/revisions\/40347"}],"wp:featuredmedia":[{"embeddable":true,"href":"https:\/\/www.almargenweb.com.ar\/web\/wp-json\/wp\/v2\/media\/40346"}],"wp:attachment":[{"href":"https:\/\/www.almargenweb.com.ar\/web\/wp-json\/wp\/v2\/media?parent=40342"}],"wp:term":[{"taxonomy":"category","embeddable":true,"href":"https:\/\/www.almargenweb.com.ar\/web\/wp-json\/wp\/v2\/categories?post=40342"},{"taxonomy":"post_tag","embeddable":true,"href":"https:\/\/www.almargenweb.com.ar\/web\/wp-json\/wp\/v2\/tags?post=40342"}],"curies":[{"name":"wp","href":"https:\/\/api.w.org\/{rel}","templated":true}]}}