{"id":40332,"date":"2023-08-11T11:55:10","date_gmt":"2023-08-11T14:55:10","guid":{"rendered":"http:\/\/www.almargenweb.com.ar\/web\/?p=40332"},"modified":"2023-08-11T11:55:11","modified_gmt":"2023-08-11T14:55:11","slug":"san-benito-vivio-en-una-cueva-construyo-la-primer-abadia-catolica-y-redacto-un-manual-de-convivencia-monacal","status":"publish","type":"post","link":"https:\/\/www.almargenweb.com.ar\/web\/san-benito-vivio-en-una-cueva-construyo-la-primer-abadia-catolica-y-redacto-un-manual-de-convivencia-monacal\/","title":{"rendered":"San Benito: vivi\u00f3 en una cueva, construy\u00f3 la primer abad\u00eda cat\u00f3lica y redact\u00f3 un manual de convivencia monacal"},"content":{"rendered":"\n<p>Para la iglesia cat\u00f3lica, San Benito es el padre del monasticismo occidental por su vida como ermita\u00f1o, la que adopt\u00f3 tras abandonar Roma para evitar la vida licenciosa de la capital.<\/p>\n\n\n\n<p>Considerado uno de los santos m\u00e1s milagrosos debido a su devoci\u00f3n a Dios y su compromiso con la humildad y la pobreza; Benito de Nursia es hoy el Santo Patrono de Europa y se lo reconoce por m\u00faltiples milagros.<\/p>\n\n\n\n<p>Nacido en el municipio italiano de Perugia en torno al 480 d.C, Benito proced\u00eda de una familia de nobles que lo envi\u00f3 a Roma para asegurarle una adecuada formaci\u00f3n.<\/p>\n\n\n\n<p>La crisis de valores y de instituciones, provocada por el final del Imperio Romano, provoc\u00f3 que Benito abandone la ciudad para vivir en soledad en una cueva.<\/p>\n\n\n\n<p>Luego de \u00e9ste auto-exilio, se dirigi\u00f3 a Montecasino, donde entre las ruinas de una antigua acr\u00f3polis pagana hecha por los romanos, construy\u00f3 su primera abad\u00eda.<\/p>\n\n\n\n<p>San Benito ide\u00f3 y escribi\u00f3 alrededor del 530 (d.C) una serie de reglas para sus monjes, conocida luego como la &#8220;Santa Regla&#8221;.<\/p>\n\n\n\n<p>&#8220;La ociosidad -escribe San Benito en la Regla- es enemiga del alma; por eso han de ocuparse los hermanos a unas horas en el trabajo manual, y a otras, en la lectura divina\u201d.<\/p>\n<!-- AddThis Advanced Settings generic via filter on the_content --><!-- AddThis Share Buttons generic via filter on the_content -->","protected":false},"excerpt":{"rendered":"<p>Para la iglesia cat\u00f3lica, San Benito es el padre del monasticismo occidental por su vida como [&hellip;]<!-- AddThis Advanced Settings generic via filter on get_the_excerpt --><!-- AddThis Share Buttons generic via filter on get_the_excerpt --><\/p>\n","protected":false},"author":16,"featured_media":40335,"comment_status":"open","ping_status":"open","sticky":false,"template":"","format":"standard","meta":{"_seopress_robots_primary_cat":"none","_seopress_titles_title":"","_seopress_titles_desc":"","_seopress_robots_index":"","_themeisle_gutenberg_block_has_review":false,"footnotes":""},"categories":[1],"tags":[],"class_list":["post-40332","post","type-post","status-publish","format-standard","has-post-thumbnail","hentry","category-sin-categoria"],"_links":{"self":[{"href":"https:\/\/www.almargenweb.com.ar\/web\/wp-json\/wp\/v2\/posts\/40332","targetHints":{"allow":["GET"]}}],"collection":[{"href":"https:\/\/www.almargenweb.com.ar\/web\/wp-json\/wp\/v2\/posts"}],"about":[{"href":"https:\/\/www.almargenweb.com.ar\/web\/wp-json\/wp\/v2\/types\/post"}],"author":[{"embeddable":true,"href":"https:\/\/www.almargenweb.com.ar\/web\/wp-json\/wp\/v2\/users\/16"}],"replies":[{"embeddable":true,"href":"https:\/\/www.almargenweb.com.ar\/web\/wp-json\/wp\/v2\/comments?post=40332"}],"version-history":[{"count":1,"href":"https:\/\/www.almargenweb.com.ar\/web\/wp-json\/wp\/v2\/posts\/40332\/revisions"}],"predecessor-version":[{"id":40336,"href":"https:\/\/www.almargenweb.com.ar\/web\/wp-json\/wp\/v2\/posts\/40332\/revisions\/40336"}],"wp:featuredmedia":[{"embeddable":true,"href":"https:\/\/www.almargenweb.com.ar\/web\/wp-json\/wp\/v2\/media\/40335"}],"wp:attachment":[{"href":"https:\/\/www.almargenweb.com.ar\/web\/wp-json\/wp\/v2\/media?parent=40332"}],"wp:term":[{"taxonomy":"category","embeddable":true,"href":"https:\/\/www.almargenweb.com.ar\/web\/wp-json\/wp\/v2\/categories?post=40332"},{"taxonomy":"post_tag","embeddable":true,"href":"https:\/\/www.almargenweb.com.ar\/web\/wp-json\/wp\/v2\/tags?post=40332"}],"curies":[{"name":"wp","href":"https:\/\/api.w.org\/{rel}","templated":true}]}}