{"id":40327,"date":"2023-08-11T11:27:29","date_gmt":"2023-08-11T14:27:29","guid":{"rendered":"http:\/\/www.almargenweb.com.ar\/web\/?p=40327"},"modified":"2023-08-11T11:27:30","modified_gmt":"2023-08-11T14:27:30","slug":"llovizno-y-volvio-el-frio-pero-luego-pero-no-durara-mucho","status":"publish","type":"post","link":"https:\/\/www.almargenweb.com.ar\/web\/llovizno-y-volvio-el-frio-pero-luego-pero-no-durara-mucho\/","title":{"rendered":"Llovizn\u00f3 y volvi\u00f3 el fr\u00edo, pero luego pero no durar\u00e1 mucho"},"content":{"rendered":"\n<p>El fr\u00edo se quedar\u00e1 todo el fin de semana en la ciudad. El viernes se espera alguna nubosidad, con una temperatura m\u00ednima de 10\u00b0 y una m\u00e1xima de 20\u00b0, con viento leve a moderado del sur. <\/p>\n\n\n\n<p>Desde este d\u00eda y durante el fin de semana, las temperaturas ir\u00e1n en descenso hasta llegar al domingo electoral con las m\u00ednimas m\u00e1s bajas de la semana. <\/p>\n\n\n\n<p>De esta manera, el s\u00e1bado se esperan 7\u00b0 de m\u00ednima, 18\u00b0 de m\u00e1xima, con alguna nubosidad y viento leve a moderado del sur.<\/p>\n\n\n\n<p>El domingo de Paso nacional, arrancar\u00eda muy fr\u00edo pero continuar\u00eda algo m\u00e1s amable hacia la tarde.<\/p>\n<!-- AddThis Advanced Settings generic via filter on the_content --><!-- AddThis Share Buttons generic via filter on the_content -->","protected":false},"excerpt":{"rendered":"<p>El fr\u00edo se quedar\u00e1 todo el fin de semana en la ciudad. El viernes se espera [&hellip;]<!-- AddThis Advanced Settings generic via filter on get_the_excerpt --><!-- AddThis Share Buttons generic via filter on get_the_excerpt --><\/p>\n","protected":false},"author":16,"featured_media":40330,"comment_status":"open","ping_status":"open","sticky":false,"template":"","format":"standard","meta":{"_seopress_robots_primary_cat":"none","_seopress_titles_title":"","_seopress_titles_desc":"","_seopress_robots_index":"","_themeisle_gutenberg_block_has_review":false,"footnotes":""},"categories":[1],"tags":[],"class_list":["post-40327","post","type-post","status-publish","format-standard","has-post-thumbnail","hentry","category-sin-categoria"],"_links":{"self":[{"href":"https:\/\/www.almargenweb.com.ar\/web\/wp-json\/wp\/v2\/posts\/40327","targetHints":{"allow":["GET"]}}],"collection":[{"href":"https:\/\/www.almargenweb.com.ar\/web\/wp-json\/wp\/v2\/posts"}],"about":[{"href":"https:\/\/www.almargenweb.com.ar\/web\/wp-json\/wp\/v2\/types\/post"}],"author":[{"embeddable":true,"href":"https:\/\/www.almargenweb.com.ar\/web\/wp-json\/wp\/v2\/users\/16"}],"replies":[{"embeddable":true,"href":"https:\/\/www.almargenweb.com.ar\/web\/wp-json\/wp\/v2\/comments?post=40327"}],"version-history":[{"count":1,"href":"https:\/\/www.almargenweb.com.ar\/web\/wp-json\/wp\/v2\/posts\/40327\/revisions"}],"predecessor-version":[{"id":40331,"href":"https:\/\/www.almargenweb.com.ar\/web\/wp-json\/wp\/v2\/posts\/40327\/revisions\/40331"}],"wp:featuredmedia":[{"embeddable":true,"href":"https:\/\/www.almargenweb.com.ar\/web\/wp-json\/wp\/v2\/media\/40330"}],"wp:attachment":[{"href":"https:\/\/www.almargenweb.com.ar\/web\/wp-json\/wp\/v2\/media?parent=40327"}],"wp:term":[{"taxonomy":"category","embeddable":true,"href":"https:\/\/www.almargenweb.com.ar\/web\/wp-json\/wp\/v2\/categories?post=40327"},{"taxonomy":"post_tag","embeddable":true,"href":"https:\/\/www.almargenweb.com.ar\/web\/wp-json\/wp\/v2\/tags?post=40327"}],"curies":[{"name":"wp","href":"https:\/\/api.w.org\/{rel}","templated":true}]}}