{"id":40322,"date":"2023-08-11T11:07:44","date_gmt":"2023-08-11T14:07:44","guid":{"rendered":"http:\/\/www.almargenweb.com.ar\/web\/?p=40322"},"modified":"2023-08-11T11:07:45","modified_gmt":"2023-08-11T14:07:45","slug":"advierten-que-el-voto-jubilado-tiene-mas-peso-en-el-padron-que-el-de-los-jovenes-de-16-y-17-anos","status":"publish","type":"post","link":"https:\/\/www.almargenweb.com.ar\/web\/advierten-que-el-voto-jubilado-tiene-mas-peso-en-el-padron-que-el-de-los-jovenes-de-16-y-17-anos\/","title":{"rendered":"Advierten que el voto jubilado tiene m\u00e1s peso en el padr\u00f3n que el de los j\u00f3venes de 16 y 17 a\u00f1os"},"content":{"rendered":"\n<p>Los votantes de la clase 1953 o anteriores son en total 4.228.200, es decir 11,94% del padr\u00f3n nacional. Por su parte, los adolescentes de 16 y 17 a\u00f1os representan apenas el 3,29%: son 1.164.820.<\/p>\n\n\n\n<p>Adem\u00e1s, de acuerdo a los datos de la C\u00e1mara Nacional Electoral, en el universo de los mayores de 70 a\u00f1os las mujeres son mayor\u00eda (representan el 57% de ese grupo etario), a diferencia de lo que ocurre en la franja de los adolescentes, en la que son m\u00e1s los varones.<\/p>\n\n\n\n<p>Desde 2012, con la reforma de la Ley de Ciudadan\u00eda, se extendi\u00f3 el derecho a votar en elecciones nacionales a los j\u00f3venes de entre 16 y 18 a\u00f1os.<\/p>\n\n\n\n<p>La primera implementaci\u00f3n de este cambio fue en las legislativas de 2013, oportunidad en la que se sumaron al padr\u00f3n 627.364 electores j\u00f3venes.<\/p>\n\n\n\n<p>En 2021, cuando se llevaron a cabo las elecciones legislativas nacionales, se hab\u00edan incorporado al padr\u00f3n un total de 861.149 j\u00f3venes, de los cuales 437.457 eran varones y 423.692, mujeres.<\/p>\n\n\n\n<p>En tanto, hace dos a\u00f1os la cantidad de ciudadanos mayores de 70 a\u00f1os ascend\u00eda a un total de 4.022.643: en ese momento representaban el 11,71% del caudal electoral.<\/p>\n<!-- AddThis Advanced Settings generic via filter on the_content --><!-- AddThis Share Buttons generic via filter on the_content -->","protected":false},"excerpt":{"rendered":"<p>Los votantes de la clase 1953 o anteriores son en total 4.228.200, es decir 11,94% del [&hellip;]<!-- AddThis Advanced Settings generic via filter on get_the_excerpt --><!-- AddThis Share Buttons generic via filter on get_the_excerpt --><\/p>\n","protected":false},"author":16,"featured_media":40325,"comment_status":"open","ping_status":"open","sticky":false,"template":"","format":"standard","meta":{"_seopress_robots_primary_cat":"none","_seopress_titles_title":"","_seopress_titles_desc":"","_seopress_robots_index":"","_themeisle_gutenberg_block_has_review":false,"footnotes":""},"categories":[2,164,9],"tags":[],"class_list":["post-40322","post","type-post","status-publish","format-standard","has-post-thumbnail","hentry","category-actualidad","category-ambiente","category-politica"],"_links":{"self":[{"href":"https:\/\/www.almargenweb.com.ar\/web\/wp-json\/wp\/v2\/posts\/40322","targetHints":{"allow":["GET"]}}],"collection":[{"href":"https:\/\/www.almargenweb.com.ar\/web\/wp-json\/wp\/v2\/posts"}],"about":[{"href":"https:\/\/www.almargenweb.com.ar\/web\/wp-json\/wp\/v2\/types\/post"}],"author":[{"embeddable":true,"href":"https:\/\/www.almargenweb.com.ar\/web\/wp-json\/wp\/v2\/users\/16"}],"replies":[{"embeddable":true,"href":"https:\/\/www.almargenweb.com.ar\/web\/wp-json\/wp\/v2\/comments?post=40322"}],"version-history":[{"count":1,"href":"https:\/\/www.almargenweb.com.ar\/web\/wp-json\/wp\/v2\/posts\/40322\/revisions"}],"predecessor-version":[{"id":40326,"href":"https:\/\/www.almargenweb.com.ar\/web\/wp-json\/wp\/v2\/posts\/40322\/revisions\/40326"}],"wp:featuredmedia":[{"embeddable":true,"href":"https:\/\/www.almargenweb.com.ar\/web\/wp-json\/wp\/v2\/media\/40325"}],"wp:attachment":[{"href":"https:\/\/www.almargenweb.com.ar\/web\/wp-json\/wp\/v2\/media?parent=40322"}],"wp:term":[{"taxonomy":"category","embeddable":true,"href":"https:\/\/www.almargenweb.com.ar\/web\/wp-json\/wp\/v2\/categories?post=40322"},{"taxonomy":"post_tag","embeddable":true,"href":"https:\/\/www.almargenweb.com.ar\/web\/wp-json\/wp\/v2\/tags?post=40322"}],"curies":[{"name":"wp","href":"https:\/\/api.w.org\/{rel}","templated":true}]}}