{"id":40243,"date":"2023-08-02T13:28:18","date_gmt":"2023-08-02T16:28:18","guid":{"rendered":"http:\/\/www.almargenweb.com.ar\/web\/?p=40243"},"modified":"2023-08-02T13:28:19","modified_gmt":"2023-08-02T16:28:19","slug":"caminos-de-la-ruralidad-mejoran-los-accesos-a-san-carlos-sud-y-gessler","status":"publish","type":"post","link":"https:\/\/www.almargenweb.com.ar\/web\/caminos-de-la-ruralidad-mejoran-los-accesos-a-san-carlos-sud-y-gessler\/","title":{"rendered":"Caminos de la Ruralidad: mejoran los accesos a San Carlos Sud y Gessler"},"content":{"rendered":"\n<p>La Dra. Florencia Primo y Juan Pablo Alarc\u00f3n, jefes comunales de San Carlos Sud y Gessler respectivamente, dieron detalles de los trabajos de profundizaci\u00f3n de zanjas, limpieza de alcantarillas y alteo de caminos en m\u00e1s de 8300 m, en el l\u00edmite entre ambas jurisdicciones.<\/p>\n\n\n\n<p>\u00abEs importante la coordinaci\u00f3n de trabajos entre las comunas y escuchar a los productores, que est\u00e1n muy preocupados por las precipitaciones que est\u00e1n anunciando en los meses venideros\u00bb, dijo Alarc\u00f3n.<\/p>\n\n\n\n<p>\u00abLa Comuna de San Carlos Sud aport\u00f3 maquinaria tal como una retroescavadora y Gessler destin\u00f3 un tractor y un disco para llevar adelante las tareas que realizan empleados de las comunas\u00bb, expuso Florencia Primo.<\/p>\n\n\n\n<p>Para dimensionar los costos de la obra, una maquinaria pesada como la que se ha empleado, consume 250 litros de combustible diarios, trabajando 8 horas. Eso da una pauta de lo que se invierte, s\u00f3lo en ese \u00edtem.<\/p>\n<!-- AddThis Advanced Settings generic via filter on the_content --><!-- AddThis Share Buttons generic via filter on the_content -->","protected":false},"excerpt":{"rendered":"<p>La Dra. Florencia Primo y Juan Pablo Alarc\u00f3n, jefes comunales de San Carlos Sud y Gessler [&hellip;]<!-- AddThis Advanced Settings generic via filter on get_the_excerpt --><!-- AddThis Share Buttons generic via filter on get_the_excerpt --><\/p>\n","protected":false},"author":16,"featured_media":40246,"comment_status":"open","ping_status":"open","sticky":false,"template":"","format":"standard","meta":{"_seopress_robots_primary_cat":"none","_seopress_titles_title":"","_seopress_titles_desc":"","_seopress_robots_index":"","_themeisle_gutenberg_block_has_review":false,"footnotes":""},"categories":[2,164,20,21],"tags":[],"class_list":["post-40243","post","type-post","status-publish","format-standard","has-post-thumbnail","hentry","category-actualidad","category-ambiente","category-departamentales","category-las-colonias"],"_links":{"self":[{"href":"https:\/\/www.almargenweb.com.ar\/web\/wp-json\/wp\/v2\/posts\/40243","targetHints":{"allow":["GET"]}}],"collection":[{"href":"https:\/\/www.almargenweb.com.ar\/web\/wp-json\/wp\/v2\/posts"}],"about":[{"href":"https:\/\/www.almargenweb.com.ar\/web\/wp-json\/wp\/v2\/types\/post"}],"author":[{"embeddable":true,"href":"https:\/\/www.almargenweb.com.ar\/web\/wp-json\/wp\/v2\/users\/16"}],"replies":[{"embeddable":true,"href":"https:\/\/www.almargenweb.com.ar\/web\/wp-json\/wp\/v2\/comments?post=40243"}],"version-history":[{"count":1,"href":"https:\/\/www.almargenweb.com.ar\/web\/wp-json\/wp\/v2\/posts\/40243\/revisions"}],"predecessor-version":[{"id":40247,"href":"https:\/\/www.almargenweb.com.ar\/web\/wp-json\/wp\/v2\/posts\/40243\/revisions\/40247"}],"wp:featuredmedia":[{"embeddable":true,"href":"https:\/\/www.almargenweb.com.ar\/web\/wp-json\/wp\/v2\/media\/40246"}],"wp:attachment":[{"href":"https:\/\/www.almargenweb.com.ar\/web\/wp-json\/wp\/v2\/media?parent=40243"}],"wp:term":[{"taxonomy":"category","embeddable":true,"href":"https:\/\/www.almargenweb.com.ar\/web\/wp-json\/wp\/v2\/categories?post=40243"},{"taxonomy":"post_tag","embeddable":true,"href":"https:\/\/www.almargenweb.com.ar\/web\/wp-json\/wp\/v2\/tags?post=40243"}],"curies":[{"name":"wp","href":"https:\/\/api.w.org\/{rel}","templated":true}]}}