{"id":40220,"date":"2023-08-01T10:43:26","date_gmt":"2023-08-01T13:43:26","guid":{"rendered":"http:\/\/www.almargenweb.com.ar\/web\/?p=40220"},"modified":"2023-08-01T10:43:27","modified_gmt":"2023-08-01T13:43:27","slug":"resultados-electorales-previos-a-las-paso-nacionales-ya-votaron-las-18-provincias","status":"publish","type":"post","link":"https:\/\/www.almargenweb.com.ar\/web\/resultados-electorales-previos-a-las-paso-nacionales-ya-votaron-las-18-provincias\/","title":{"rendered":"Resultados electorales previos a las PASO nacionales: ya votaron las 18 provincias"},"content":{"rendered":"\n<p>Fueron 18 los comicios que se realizaron entre febrero y julio con resultados que lograron romper con los l\u00edmites territoriales y extrapolarse al escenario nacional, motorizados por la interna nacional de Juntos por el Cambio (JxC) y los vaivenes del oficialismo.<\/p>\n\n\n\n<p>Las contiendas provinciales dejaron sorpresas en diversas latitudes de la Argentina, con JxC destronando al peronismo en San Luis, San Juan, Chubut, Santa Fe y Chaco (en las \u00faltimas dos, respectivamente, restan las elecciones generales).<\/p>\n\n\n\n<p>Por su parte, el peronismo logr\u00f3 retener dos espacios con identidades y caracter\u00edsticas propias, en t\u00e9rminos de armado.<\/p>\n\n\n\n<p>En Santa Fe, el padr\u00f3n electoral nacional: 2.818.280 ciudadanos habilitados para votar (7,96%). Participaci\u00f3n: 60,6%. Blancos y nulos: 211.332 votos.<\/p>\n\n\n\n<ol class=\"wp-block-list\">\n<li>Maximiliano Pullaro (Unidos para Cambiar Santa Fe). Votos: 506.277 (35,95%).<\/li>\n\n\n\n<li>Marcelo Lewandowski (Juntos Avancemos). Votos: 279.164.<\/li>\n\n\n\n<li>Edelvino Bodoiara (Viva la Libertad). Votos: 42.043.<\/li>\n<\/ol>\n<!-- AddThis Advanced Settings generic via filter on the_content --><!-- AddThis Share Buttons generic via filter on the_content -->","protected":false},"excerpt":{"rendered":"<p>Fueron 18 los comicios que se realizaron entre febrero y julio con resultados que lograron romper [&hellip;]<!-- AddThis Advanced Settings generic via filter on get_the_excerpt --><!-- AddThis Share Buttons generic via filter on get_the_excerpt --><\/p>\n","protected":false},"author":16,"featured_media":40223,"comment_status":"open","ping_status":"open","sticky":false,"template":"","format":"standard","meta":{"_seopress_robots_primary_cat":"none","_seopress_titles_title":"","_seopress_titles_desc":"","_seopress_robots_index":"","_themeisle_gutenberg_block_has_review":false,"footnotes":""},"categories":[2,164,9],"tags":[],"class_list":["post-40220","post","type-post","status-publish","format-standard","has-post-thumbnail","hentry","category-actualidad","category-ambiente","category-politica"],"_links":{"self":[{"href":"https:\/\/www.almargenweb.com.ar\/web\/wp-json\/wp\/v2\/posts\/40220","targetHints":{"allow":["GET"]}}],"collection":[{"href":"https:\/\/www.almargenweb.com.ar\/web\/wp-json\/wp\/v2\/posts"}],"about":[{"href":"https:\/\/www.almargenweb.com.ar\/web\/wp-json\/wp\/v2\/types\/post"}],"author":[{"embeddable":true,"href":"https:\/\/www.almargenweb.com.ar\/web\/wp-json\/wp\/v2\/users\/16"}],"replies":[{"embeddable":true,"href":"https:\/\/www.almargenweb.com.ar\/web\/wp-json\/wp\/v2\/comments?post=40220"}],"version-history":[{"count":1,"href":"https:\/\/www.almargenweb.com.ar\/web\/wp-json\/wp\/v2\/posts\/40220\/revisions"}],"predecessor-version":[{"id":40224,"href":"https:\/\/www.almargenweb.com.ar\/web\/wp-json\/wp\/v2\/posts\/40220\/revisions\/40224"}],"wp:featuredmedia":[{"embeddable":true,"href":"https:\/\/www.almargenweb.com.ar\/web\/wp-json\/wp\/v2\/media\/40223"}],"wp:attachment":[{"href":"https:\/\/www.almargenweb.com.ar\/web\/wp-json\/wp\/v2\/media?parent=40220"}],"wp:term":[{"taxonomy":"category","embeddable":true,"href":"https:\/\/www.almargenweb.com.ar\/web\/wp-json\/wp\/v2\/categories?post=40220"},{"taxonomy":"post_tag","embeddable":true,"href":"https:\/\/www.almargenweb.com.ar\/web\/wp-json\/wp\/v2\/tags?post=40220"}],"curies":[{"name":"wp","href":"https:\/\/api.w.org\/{rel}","templated":true}]}}