{"id":40210,"date":"2023-07-31T10:25:29","date_gmt":"2023-07-31T13:25:29","guid":{"rendered":"http:\/\/www.almargenweb.com.ar\/web\/?p=40210"},"modified":"2023-07-31T10:25:30","modified_gmt":"2023-07-31T13:25:30","slug":"semana-de-la-lactancia-la-sociedad-argentina-de-pediatria-destaco-los-principales-beneficios-de-amamantar","status":"publish","type":"post","link":"https:\/\/www.almargenweb.com.ar\/web\/semana-de-la-lactancia-la-sociedad-argentina-de-pediatria-destaco-los-principales-beneficios-de-amamantar\/","title":{"rendered":"Semana de la Lactancia: la Sociedad Argentina de Pediatr\u00eda destac\u00f3 los principales beneficios de amamantar"},"content":{"rendered":"\n<p>La Sociedad Argentina de Pediatr\u00eda (SAP) recomend\u00f3 que la lactancia sea exclusiva durante los primeros seis meses de vida del beb\u00e9 y, a partir del 6\u00b0 mes, ir incorporando alimentos complementarios nutricionalmente adecuados y seguros, mientras contin\u00faa la lactancia hasta los dos a\u00f1os.<\/p>\n\n\n\n<p>En un documento titulado &#8220;Lactancia natural, m\u00e1s all\u00e1 de los seis meses&#8221;, especialistas de la SAP se\u00f1alaron que la leche humana previene infecciones respiratorias y digestivas en los lactantes.<\/p>\n\n\n\n<p>Reduce el riesgo de hospitalizaci\u00f3n en un 57% y 76%, respectivamente, mientras que, a largo plazo, disminuye el riesgo de sobrepeso en un 26% y de diabetes tipo dos en un 35%.<\/p>\n\n\n\n<p>Tambi\u00e9n destacaron los beneficios que esto trae para la salud del lactante y de la madre, al tiempo que invitaron a combatir las barreras y prejuicios que existen para continuar amamantando despu\u00e9s de los primeros seis meses del beb\u00e9.<\/p>\n\n\n\n<p>El trabajo fue difundido en ocasi\u00f3n de la Semana Mundial de la Lactancia (SML-2023), que se celebra del 1\u00b0 al 7 de agosto.<\/p>\n<!-- AddThis Advanced Settings generic via filter on the_content --><!-- AddThis Share Buttons generic via filter on the_content -->","protected":false},"excerpt":{"rendered":"<p>La Sociedad Argentina de Pediatr\u00eda (SAP) recomend\u00f3 que la lactancia sea exclusiva durante los primeros seis [&hellip;]<!-- AddThis Advanced Settings generic via filter on get_the_excerpt --><!-- AddThis Share Buttons generic via filter on get_the_excerpt --><\/p>\n","protected":false},"author":16,"featured_media":40213,"comment_status":"open","ping_status":"open","sticky":false,"template":"","format":"standard","meta":{"_seopress_robots_primary_cat":"none","_seopress_titles_title":"","_seopress_titles_desc":"","_seopress_robots_index":"","_themeisle_gutenberg_block_has_review":false,"footnotes":""},"categories":[2,164,15],"tags":[],"class_list":["post-40210","post","type-post","status-publish","format-standard","has-post-thumbnail","hentry","category-actualidad","category-ambiente","category-salud"],"_links":{"self":[{"href":"https:\/\/www.almargenweb.com.ar\/web\/wp-json\/wp\/v2\/posts\/40210","targetHints":{"allow":["GET"]}}],"collection":[{"href":"https:\/\/www.almargenweb.com.ar\/web\/wp-json\/wp\/v2\/posts"}],"about":[{"href":"https:\/\/www.almargenweb.com.ar\/web\/wp-json\/wp\/v2\/types\/post"}],"author":[{"embeddable":true,"href":"https:\/\/www.almargenweb.com.ar\/web\/wp-json\/wp\/v2\/users\/16"}],"replies":[{"embeddable":true,"href":"https:\/\/www.almargenweb.com.ar\/web\/wp-json\/wp\/v2\/comments?post=40210"}],"version-history":[{"count":1,"href":"https:\/\/www.almargenweb.com.ar\/web\/wp-json\/wp\/v2\/posts\/40210\/revisions"}],"predecessor-version":[{"id":40214,"href":"https:\/\/www.almargenweb.com.ar\/web\/wp-json\/wp\/v2\/posts\/40210\/revisions\/40214"}],"wp:featuredmedia":[{"embeddable":true,"href":"https:\/\/www.almargenweb.com.ar\/web\/wp-json\/wp\/v2\/media\/40213"}],"wp:attachment":[{"href":"https:\/\/www.almargenweb.com.ar\/web\/wp-json\/wp\/v2\/media?parent=40210"}],"wp:term":[{"taxonomy":"category","embeddable":true,"href":"https:\/\/www.almargenweb.com.ar\/web\/wp-json\/wp\/v2\/categories?post=40210"},{"taxonomy":"post_tag","embeddable":true,"href":"https:\/\/www.almargenweb.com.ar\/web\/wp-json\/wp\/v2\/tags?post=40210"}],"curies":[{"name":"wp","href":"https:\/\/api.w.org\/{rel}","templated":true}]}}