{"id":40205,"date":"2023-07-31T10:19:57","date_gmt":"2023-07-31T13:19:57","guid":{"rendered":"http:\/\/www.almargenweb.com.ar\/web\/?p=40205"},"modified":"2023-07-31T10:19:57","modified_gmt":"2023-07-31T13:19:57","slug":"el-clima-en-la-region-que-paso-con-el-invierno","status":"publish","type":"post","link":"https:\/\/www.almargenweb.com.ar\/web\/el-clima-en-la-region-que-paso-con-el-invierno\/","title":{"rendered":"El clima en la regi\u00f3n: \u00bfqu\u00e9 pas\u00f3 con el invierno?"},"content":{"rendered":"\n<p>El Servicio Meteorol\u00f3gico Nacional calcula 24 grados de m\u00e1xima para este lunes y 30 para ma\u00f1ana martes. <\/p>\n\n\n\n<p>Seg\u00fan indic\u00f3 el Servicio Meteorol\u00f3gico Nacional (SMN) se espera que la m\u00e1xima alcance los 24 grados y que poco a poco la temperatura siga subiendo.<\/p>\n\n\n\n<p>Este martes la temperatura alcanzar\u00eda los 30 grados de m\u00e1xima, algo inusual en pleno invierno. Para el mi\u00e9rcoles, la m\u00e1xima bajar\u00eda solamente dos grados, alcanzando los 28. <\/p>\n\n\n\n<p>Ya para el jueves, se espera que el descenso ser\u00eda m\u00e1s marcado con m\u00e1ximas entre 18 y 19 grados.<\/p>\n\n\n\n<p>Pero, \u00bfcu\u00e1ndo vuelve a hacer fr\u00edo? El SMN indic\u00f3 que las temperaturas volver\u00edan a bajar para el pr\u00f3ximo fin de semana, entre el s\u00e1bado y el domingo, con m\u00ednimas de 5 grados.<\/p>\n\n\n\n<p><\/p>\n<!-- AddThis Advanced Settings generic via filter on the_content --><!-- AddThis Share Buttons generic via filter on the_content -->","protected":false},"excerpt":{"rendered":"<p>El Servicio Meteorol\u00f3gico Nacional calcula 24 grados de m\u00e1xima para este lunes y 30 para ma\u00f1ana [&hellip;]<!-- AddThis Advanced Settings generic via filter on get_the_excerpt --><!-- AddThis Share Buttons generic via filter on get_the_excerpt --><\/p>\n","protected":false},"author":16,"featured_media":40208,"comment_status":"open","ping_status":"open","sticky":false,"template":"","format":"standard","meta":{"_seopress_robots_primary_cat":"none","_seopress_titles_title":"","_seopress_titles_desc":"","_seopress_robots_index":"","_themeisle_gutenberg_block_has_review":false,"footnotes":""},"categories":[2,164],"tags":[],"class_list":["post-40205","post","type-post","status-publish","format-standard","has-post-thumbnail","hentry","category-actualidad","category-ambiente"],"_links":{"self":[{"href":"https:\/\/www.almargenweb.com.ar\/web\/wp-json\/wp\/v2\/posts\/40205","targetHints":{"allow":["GET"]}}],"collection":[{"href":"https:\/\/www.almargenweb.com.ar\/web\/wp-json\/wp\/v2\/posts"}],"about":[{"href":"https:\/\/www.almargenweb.com.ar\/web\/wp-json\/wp\/v2\/types\/post"}],"author":[{"embeddable":true,"href":"https:\/\/www.almargenweb.com.ar\/web\/wp-json\/wp\/v2\/users\/16"}],"replies":[{"embeddable":true,"href":"https:\/\/www.almargenweb.com.ar\/web\/wp-json\/wp\/v2\/comments?post=40205"}],"version-history":[{"count":1,"href":"https:\/\/www.almargenweb.com.ar\/web\/wp-json\/wp\/v2\/posts\/40205\/revisions"}],"predecessor-version":[{"id":40209,"href":"https:\/\/www.almargenweb.com.ar\/web\/wp-json\/wp\/v2\/posts\/40205\/revisions\/40209"}],"wp:featuredmedia":[{"embeddable":true,"href":"https:\/\/www.almargenweb.com.ar\/web\/wp-json\/wp\/v2\/media\/40208"}],"wp:attachment":[{"href":"https:\/\/www.almargenweb.com.ar\/web\/wp-json\/wp\/v2\/media?parent=40205"}],"wp:term":[{"taxonomy":"category","embeddable":true,"href":"https:\/\/www.almargenweb.com.ar\/web\/wp-json\/wp\/v2\/categories?post=40205"},{"taxonomy":"post_tag","embeddable":true,"href":"https:\/\/www.almargenweb.com.ar\/web\/wp-json\/wp\/v2\/tags?post=40205"}],"curies":[{"name":"wp","href":"https:\/\/api.w.org\/{rel}","templated":true}]}}