{"id":40199,"date":"2023-07-31T09:59:33","date_gmt":"2023-07-31T12:59:33","guid":{"rendered":"http:\/\/www.almargenweb.com.ar\/web\/?p=40199"},"modified":"2023-07-31T09:59:34","modified_gmt":"2023-07-31T12:59:34","slug":"pullaro-y-muller-trabajan-en-el-plan-de-seguridad-a-implementar-en-esperanza","status":"publish","type":"post","link":"https:\/\/www.almargenweb.com.ar\/web\/pullaro-y-muller-trabajan-en-el-plan-de-seguridad-a-implementar-en-esperanza\/","title":{"rendered":"Pullaro y M\u00fcller trabajan en el Plan de Seguridad a implementar en Esperanza"},"content":{"rendered":"\n<p>Los candidatos a gobernador e intendente por \u201cUnidos para Cambiar Santa Fe\u201d dialogaron sobre el equipamiento, recursos humanos, Guardia Urbana, entre otras acciones concretas que llevar\u00e1n adelante para aumentar la seguridad en la ciudad.<\/p>\n\n\n\n<p>Luego de los resultados definitivos de las elecciones PASO, los candidatos a gobernador de Santa Fe, Maximiliano Pullaro, y a intendente de Esperanza, Rodrigo M\u00fcller, por \u201cUnidos para Cambiar Santa Fe\u201d comenzaron a dialogar sobre el Plan de Seguridad que implementar\u00e1n en la ciudad de Esperanza si ambos logran ganar en las elecciones generales del pr\u00f3ximo 17 de septiembre.<\/p>\n\n\n\n<p>Al respecto, M\u00fcller destac\u00f3 que \u201ccon Maxi nos conocemos desde hace muchos a\u00f1os y mantenemos un di\u00e1logo muy fluido. Queremos devolverle la tranquilidad a los vecinos de Esperanza y, por eso, ya estamos trabajando en c\u00f3mo llevar adelante medidas concretas en la ciudad\u201d.<\/p>\n\n\n\n<p>\u201cCuando le present\u00e9 nuestro Plan de Seguridad, Maxi me brind\u00f3 todo su apoyo y el compromiso de trabajar en conjunto desde el d\u00eda 1 de la gesti\u00f3n si nos toca a ambos ser elegidos en las pr\u00f3ximas elecciones\u201d, a\u00f1adi\u00f3 el candidato a intendente.<\/p>\n\n\n\n<p>Luego, M\u00fcller destac\u00f3 que \u201cestamos dialogando sobre medidas concretas: brindarle m\u00e1s y mejor equipamiento y recursos humanos para la Polic\u00eda de nuestra ciudad y tambi\u00e9n sobre las acciones que va a llevar adelante el municipio como la creaci\u00f3n de la Guardia Urbana y la mejora de los espacios p\u00fablicos, entre otros\u201d.<\/p>\n\n\n\n<figure class=\"wp-block-image size-full\"><img loading=\"lazy\" decoding=\"async\" width=\"800\" height=\"552\" src=\"https:\/\/www.almargenweb.com.ar\/web\/wp-content\/uploads\/2023\/07\/Unidos-para-Cambiar-Esperanza.jpg\" alt=\"\" class=\"wp-image-40203\" srcset=\"https:\/\/www.almargenweb.com.ar\/web\/wp-content\/uploads\/2023\/07\/Unidos-para-Cambiar-Esperanza.jpg 800w, https:\/\/www.almargenweb.com.ar\/web\/wp-content\/uploads\/2023\/07\/Unidos-para-Cambiar-Esperanza-300x207.jpg 300w, https:\/\/www.almargenweb.com.ar\/web\/wp-content\/uploads\/2023\/07\/Unidos-para-Cambiar-Esperanza-768x530.jpg 768w\" sizes=\"auto, (max-width: 800px) 100vw, 800px\" \/><figcaption class=\"wp-element-caption\">Grupo de trabajo: con Maxi Pullaro gobernador, Jimena Senn diputada, Marcelo Dellaporta senador, Mariano Puig y Rosario Galleano en el Concejo.<\/figcaption><\/figure>\n\n\n\n<p>Por \u00faltimo, Rodrigo M\u00fcller destac\u00f3 que \u201cestoy convencido de que el municipio puede y debe hacer m\u00e1s para mejorar la seguridad en Esperanza. Quiero ser intendente para llevar adelante acciones concretas que disminuyan la inseguridad. La seguridad ser\u00e1 una prioridad en el gobierno de Maxi y Esperanza tiene que seguir esa l\u00ednea, trabajando juntos, provincia y municipio, para devolverle la tranquilidad a los vecinos y vecinas de nuestra querida ciudad\u201d. <\/p>\n\n\n\n<p>Estoy preparado, tengo un gran grupo de trabajo que me acompa\u00f1a y con Maxi Pullaro gobernador, Jimena Senn diputada, Marcelo Dellaporta senador, Mariano Puig y Rosario Galleano en el Concejo y con el apoyo de los esperancinos vamos a cambiar Esperanza\u201d.<\/p>\n<!-- AddThis Advanced Settings generic via filter on the_content --><!-- AddThis Share Buttons generic via filter on the_content -->","protected":false},"excerpt":{"rendered":"<p>Los candidatos a gobernador e intendente por \u201cUnidos para Cambiar Santa Fe\u201d dialogaron sobre el equipamiento, [&hellip;]<!-- AddThis Advanced Settings generic via filter on get_the_excerpt --><!-- AddThis Share Buttons generic via filter on get_the_excerpt --><\/p>\n","protected":false},"author":16,"featured_media":40202,"comment_status":"open","ping_status":"open","sticky":false,"template":"","format":"standard","meta":{"_seopress_robots_primary_cat":"none","_seopress_titles_title":"","_seopress_titles_desc":"","_seopress_robots_index":"","_themeisle_gutenberg_block_has_review":false,"footnotes":""},"categories":[2,164,21,47,9],"tags":[],"class_list":["post-40199","post","type-post","status-publish","format-standard","has-post-thumbnail","hentry","category-actualidad","category-ambiente","category-las-colonias","category-locales","category-politica"],"_links":{"self":[{"href":"https:\/\/www.almargenweb.com.ar\/web\/wp-json\/wp\/v2\/posts\/40199","targetHints":{"allow":["GET"]}}],"collection":[{"href":"https:\/\/www.almargenweb.com.ar\/web\/wp-json\/wp\/v2\/posts"}],"about":[{"href":"https:\/\/www.almargenweb.com.ar\/web\/wp-json\/wp\/v2\/types\/post"}],"author":[{"embeddable":true,"href":"https:\/\/www.almargenweb.com.ar\/web\/wp-json\/wp\/v2\/users\/16"}],"replies":[{"embeddable":true,"href":"https:\/\/www.almargenweb.com.ar\/web\/wp-json\/wp\/v2\/comments?post=40199"}],"version-history":[{"count":1,"href":"https:\/\/www.almargenweb.com.ar\/web\/wp-json\/wp\/v2\/posts\/40199\/revisions"}],"predecessor-version":[{"id":40204,"href":"https:\/\/www.almargenweb.com.ar\/web\/wp-json\/wp\/v2\/posts\/40199\/revisions\/40204"}],"wp:featuredmedia":[{"embeddable":true,"href":"https:\/\/www.almargenweb.com.ar\/web\/wp-json\/wp\/v2\/media\/40202"}],"wp:attachment":[{"href":"https:\/\/www.almargenweb.com.ar\/web\/wp-json\/wp\/v2\/media?parent=40199"}],"wp:term":[{"taxonomy":"category","embeddable":true,"href":"https:\/\/www.almargenweb.com.ar\/web\/wp-json\/wp\/v2\/categories?post=40199"},{"taxonomy":"post_tag","embeddable":true,"href":"https:\/\/www.almargenweb.com.ar\/web\/wp-json\/wp\/v2\/tags?post=40199"}],"curies":[{"name":"wp","href":"https:\/\/api.w.org\/{rel}","templated":true}]}}