{"id":40171,"date":"2023-07-26T12:49:04","date_gmt":"2023-07-26T15:49:04","guid":{"rendered":"http:\/\/www.almargenweb.com.ar\/web\/?p=40171"},"modified":"2023-07-26T12:49:05","modified_gmt":"2023-07-26T15:49:05","slug":"san-carlos-sud-el-ejecutivo-entrgo-aportes-a-instituciones-locales","status":"publish","type":"post","link":"https:\/\/www.almargenweb.com.ar\/web\/san-carlos-sud-el-ejecutivo-entrgo-aportes-a-instituciones-locales\/","title":{"rendered":"San Carlos Sud: el ejecutivo entrg\u00f3 aportes a instituciones locales"},"content":{"rendered":"\n<p>La Presidenta Comunal Dra. Florencia Primo, entreg\u00f3 un aporte al Club de Leones de San Carlos Sud, durente una reun\u00f3n mantenida este mi\u00e9rcoles por la ma\u00f1ana.<\/p>\n\n\n\n<p>Durante la entrega, la Dra. Primo aprovech\u00f3 la ocasi\u00f3n para felicitar a la nueva Presidenta de la instituci\u00f3n, Graciela Leguizam\u00f3n. <\/p>\n\n\n\n<p>Ambas l\u00edderes expresaron su firme intenci\u00f3n de trabajar de manera mancomunada en iniciativas que beneficien a nuestros conciudadanos y contribuyan al progreso de San Carlos Sud.<\/p>\n<!-- AddThis Advanced Settings generic via filter on the_content --><!-- AddThis Share Buttons generic via filter on the_content -->","protected":false},"excerpt":{"rendered":"<p>La Presidenta Comunal Dra. Florencia Primo, entreg\u00f3 un aporte al Club de Leones de San Carlos [&hellip;]<!-- AddThis Advanced Settings generic via filter on get_the_excerpt --><!-- AddThis Share Buttons generic via filter on get_the_excerpt --><\/p>\n","protected":false},"author":16,"featured_media":40174,"comment_status":"open","ping_status":"open","sticky":false,"template":"","format":"standard","meta":{"_seopress_robots_primary_cat":"none","_seopress_titles_title":"","_seopress_titles_desc":"","_seopress_robots_index":"","_themeisle_gutenberg_block_has_review":false,"footnotes":""},"categories":[2,164,9,29],"tags":[],"class_list":["post-40171","post","type-post","status-publish","format-standard","has-post-thumbnail","hentry","category-actualidad","category-ambiente","category-politica","category-regionales"],"_links":{"self":[{"href":"https:\/\/www.almargenweb.com.ar\/web\/wp-json\/wp\/v2\/posts\/40171","targetHints":{"allow":["GET"]}}],"collection":[{"href":"https:\/\/www.almargenweb.com.ar\/web\/wp-json\/wp\/v2\/posts"}],"about":[{"href":"https:\/\/www.almargenweb.com.ar\/web\/wp-json\/wp\/v2\/types\/post"}],"author":[{"embeddable":true,"href":"https:\/\/www.almargenweb.com.ar\/web\/wp-json\/wp\/v2\/users\/16"}],"replies":[{"embeddable":true,"href":"https:\/\/www.almargenweb.com.ar\/web\/wp-json\/wp\/v2\/comments?post=40171"}],"version-history":[{"count":1,"href":"https:\/\/www.almargenweb.com.ar\/web\/wp-json\/wp\/v2\/posts\/40171\/revisions"}],"predecessor-version":[{"id":40175,"href":"https:\/\/www.almargenweb.com.ar\/web\/wp-json\/wp\/v2\/posts\/40171\/revisions\/40175"}],"wp:featuredmedia":[{"embeddable":true,"href":"https:\/\/www.almargenweb.com.ar\/web\/wp-json\/wp\/v2\/media\/40174"}],"wp:attachment":[{"href":"https:\/\/www.almargenweb.com.ar\/web\/wp-json\/wp\/v2\/media?parent=40171"}],"wp:term":[{"taxonomy":"category","embeddable":true,"href":"https:\/\/www.almargenweb.com.ar\/web\/wp-json\/wp\/v2\/categories?post=40171"},{"taxonomy":"post_tag","embeddable":true,"href":"https:\/\/www.almargenweb.com.ar\/web\/wp-json\/wp\/v2\/tags?post=40171"}],"curies":[{"name":"wp","href":"https:\/\/api.w.org\/{rel}","templated":true}]}}