{"id":40160,"date":"2023-07-26T10:18:16","date_gmt":"2023-07-26T13:18:16","guid":{"rendered":"http:\/\/www.almargenweb.com.ar\/web\/?p=40160"},"modified":"2023-07-26T10:18:17","modified_gmt":"2023-07-26T13:18:17","slug":"para-michlig-es-importante-lograr-la-mayoria-en-ambas-camaras","status":"publish","type":"post","link":"https:\/\/www.almargenweb.com.ar\/web\/para-michlig-es-importante-lograr-la-mayoria-en-ambas-camaras\/","title":{"rendered":"Para Michlig: &#8220;Es importante lograr la mayor\u00eda en ambas c\u00e1maras&#8221;"},"content":{"rendered":"\n<p>Este martes, Maximiliano Pullaro, candidato a gobernador de Santa Fe (Unidos para Cambiar Santa Fe), estuvo recorriendo el norte provincial. En Reconquista, el exministro de Seguridad de Miguel Lifschitz brind\u00f3 una conferencia de prensa.<\/p>\n\n\n\n<p>Entre otras cosas, se refiri\u00f3 a la continuidad de Billetera Santa Fe, &#8220;una de las pol\u00edticas implementadas por Omar Perotti. &#8220;Es una de las tres pol\u00edticas p\u00fablicas que rescatamos del Gobernador; &#8220;Creemos que fue importante y que se llev\u00f3 adelante cuando hab\u00eda que reactivar el comercio&#8221;, asever\u00f3.<\/p>\n\n\n\n<p>Por otra parte, el senador provincial Felipe Michlig opin\u00f3 sobre las elecciones generales en Santa Fe -previstas para el pr\u00f3ximo 10 de septiembre-, y sostuvo que &#8220;es importante tener mayor\u00eda legislativa para acompa\u00f1ar las pol\u00edticas p\u00fablicas dise\u00f1adas por Maximiliano Pullaro, quien va a ser el pr\u00f3ximo gobernador&#8221;.<\/p>\n<!-- AddThis Advanced Settings generic via filter on the_content --><!-- AddThis Share Buttons generic via filter on the_content -->","protected":false},"excerpt":{"rendered":"<p>Este martes, Maximiliano Pullaro, candidato a gobernador de Santa Fe (Unidos para Cambiar Santa Fe), estuvo [&hellip;]<!-- AddThis Advanced Settings generic via filter on get_the_excerpt --><!-- AddThis Share Buttons generic via filter on get_the_excerpt --><\/p>\n","protected":false},"author":16,"featured_media":40169,"comment_status":"open","ping_status":"open","sticky":false,"template":"","format":"standard","meta":{"_seopress_robots_primary_cat":"none","_seopress_titles_title":"","_seopress_titles_desc":"","_seopress_robots_index":"","_themeisle_gutenberg_block_has_review":false,"footnotes":""},"categories":[2,164,9],"tags":[],"class_list":["post-40160","post","type-post","status-publish","format-standard","has-post-thumbnail","hentry","category-actualidad","category-ambiente","category-politica"],"_links":{"self":[{"href":"https:\/\/www.almargenweb.com.ar\/web\/wp-json\/wp\/v2\/posts\/40160","targetHints":{"allow":["GET"]}}],"collection":[{"href":"https:\/\/www.almargenweb.com.ar\/web\/wp-json\/wp\/v2\/posts"}],"about":[{"href":"https:\/\/www.almargenweb.com.ar\/web\/wp-json\/wp\/v2\/types\/post"}],"author":[{"embeddable":true,"href":"https:\/\/www.almargenweb.com.ar\/web\/wp-json\/wp\/v2\/users\/16"}],"replies":[{"embeddable":true,"href":"https:\/\/www.almargenweb.com.ar\/web\/wp-json\/wp\/v2\/comments?post=40160"}],"version-history":[{"count":1,"href":"https:\/\/www.almargenweb.com.ar\/web\/wp-json\/wp\/v2\/posts\/40160\/revisions"}],"predecessor-version":[{"id":40170,"href":"https:\/\/www.almargenweb.com.ar\/web\/wp-json\/wp\/v2\/posts\/40160\/revisions\/40170"}],"wp:featuredmedia":[{"embeddable":true,"href":"https:\/\/www.almargenweb.com.ar\/web\/wp-json\/wp\/v2\/media\/40169"}],"wp:attachment":[{"href":"https:\/\/www.almargenweb.com.ar\/web\/wp-json\/wp\/v2\/media?parent=40160"}],"wp:term":[{"taxonomy":"category","embeddable":true,"href":"https:\/\/www.almargenweb.com.ar\/web\/wp-json\/wp\/v2\/categories?post=40160"},{"taxonomy":"post_tag","embeddable":true,"href":"https:\/\/www.almargenweb.com.ar\/web\/wp-json\/wp\/v2\/tags?post=40160"}],"curies":[{"name":"wp","href":"https:\/\/api.w.org\/{rel}","templated":true}]}}