{"id":40152,"date":"2023-07-25T11:14:10","date_gmt":"2023-07-25T14:14:10","guid":{"rendered":"http:\/\/www.almargenweb.com.ar\/web\/?p=40152"},"modified":"2023-07-25T11:14:11","modified_gmt":"2023-07-25T14:14:11","slug":"dolar-agro-incorporan-al-maiz-y-la-cebada-cervecera-al-tipo-de-cambio-diferencial","status":"publish","type":"post","link":"https:\/\/www.almargenweb.com.ar\/web\/dolar-agro-incorporan-al-maiz-y-la-cebada-cervecera-al-tipo-de-cambio-diferencial\/","title":{"rendered":"D\u00f3lar agro: incorporan al ma\u00edz y la cebada cervecera al tipo de cambio diferencial"},"content":{"rendered":"\n<p>El Gobierno incorpor\u00f3 al ma\u00edz y a la cebada cervecera al Programa de Incremento Exportador (PIE) que contempla un d\u00f3lar diferencial de $340 para las econom\u00edas regionales.<\/p>\n\n\n\n<p>Por otra parte, esa Secretar\u00eda estableci\u00f3 los &#8220;vol\u00famenes de equilibrio&#8221; de la campa\u00f1a 22\/23 para sostener la demanda de productos agr\u00edcolas en el mercado interno, a los efectos de &#8220;bridar previsibilidad&#8221;.<\/p>\n\n\n\n<p>Para el ma\u00edz, se fij\u00f3 en 26 millones de toneladas; para el sorgo, en 950.000; para la cebada forrajera, en 2,6 millones; la cebada cervecera, en 950.000 y la malta, en 550.000.<\/p>\n\n\n\n<p>Mientras tanto, el referente de la Sociedad Rural habl\u00f3 sobre las medidas econ\u00f3micas anunciadas ayer por el gobierno nacional y dijo que \u201ces una intervenci\u00f3n que lo \u00fanico que hace es deformarnos los precios para un prop\u00f3sito recaudatorio&#8221;.<\/p>\n\n\n\n<p><\/p>\n<!-- AddThis Advanced Settings generic via filter on the_content --><!-- AddThis Share Buttons generic via filter on the_content -->","protected":false},"excerpt":{"rendered":"<p>El Gobierno incorpor\u00f3 al ma\u00edz y a la cebada cervecera al Programa de Incremento Exportador (PIE) [&hellip;]<!-- AddThis Advanced Settings generic via filter on get_the_excerpt --><!-- AddThis Share Buttons generic via filter on get_the_excerpt --><\/p>\n","protected":false},"author":16,"featured_media":40155,"comment_status":"open","ping_status":"open","sticky":false,"template":"","format":"standard","meta":{"_seopress_robots_primary_cat":"none","_seopress_titles_title":"","_seopress_titles_desc":"","_seopress_robots_index":"","_themeisle_gutenberg_block_has_review":false,"footnotes":""},"categories":[2,5],"tags":[],"class_list":["post-40152","post","type-post","status-publish","format-standard","has-post-thumbnail","hentry","category-actualidad","category-economia"],"_links":{"self":[{"href":"https:\/\/www.almargenweb.com.ar\/web\/wp-json\/wp\/v2\/posts\/40152","targetHints":{"allow":["GET"]}}],"collection":[{"href":"https:\/\/www.almargenweb.com.ar\/web\/wp-json\/wp\/v2\/posts"}],"about":[{"href":"https:\/\/www.almargenweb.com.ar\/web\/wp-json\/wp\/v2\/types\/post"}],"author":[{"embeddable":true,"href":"https:\/\/www.almargenweb.com.ar\/web\/wp-json\/wp\/v2\/users\/16"}],"replies":[{"embeddable":true,"href":"https:\/\/www.almargenweb.com.ar\/web\/wp-json\/wp\/v2\/comments?post=40152"}],"version-history":[{"count":1,"href":"https:\/\/www.almargenweb.com.ar\/web\/wp-json\/wp\/v2\/posts\/40152\/revisions"}],"predecessor-version":[{"id":40156,"href":"https:\/\/www.almargenweb.com.ar\/web\/wp-json\/wp\/v2\/posts\/40152\/revisions\/40156"}],"wp:featuredmedia":[{"embeddable":true,"href":"https:\/\/www.almargenweb.com.ar\/web\/wp-json\/wp\/v2\/media\/40155"}],"wp:attachment":[{"href":"https:\/\/www.almargenweb.com.ar\/web\/wp-json\/wp\/v2\/media?parent=40152"}],"wp:term":[{"taxonomy":"category","embeddable":true,"href":"https:\/\/www.almargenweb.com.ar\/web\/wp-json\/wp\/v2\/categories?post=40152"},{"taxonomy":"post_tag","embeddable":true,"href":"https:\/\/www.almargenweb.com.ar\/web\/wp-json\/wp\/v2\/tags?post=40152"}],"curies":[{"name":"wp","href":"https:\/\/api.w.org\/{rel}","templated":true}]}}