{"id":40073,"date":"2023-07-19T12:44:47","date_gmt":"2023-07-19T15:44:47","guid":{"rendered":"http:\/\/www.almargenweb.com.ar\/web\/?p=40073"},"modified":"2023-07-19T12:44:48","modified_gmt":"2023-07-19T15:44:48","slug":"esperanza-rodrigo-muller-emerge-como-el-claro-ganador-con-7051-votos","status":"publish","type":"post","link":"https:\/\/www.almargenweb.com.ar\/web\/esperanza-rodrigo-muller-emerge-como-el-claro-ganador-con-7051-votos\/","title":{"rendered":"Esperanza: Rodrigo M\u00fcller emerge como el claro ganador con 7,051 votos"},"content":{"rendered":"\n<p>El futuro de Esperanza, una ciudad en constante crecimiento y desarrollo, se encuentra en un momento crucial de definici\u00f3n de liderazgos.<\/p>\n\n\n\n<p>La pr\u00f3xima elecci\u00f3n, programada para el 10 de septiembre, ser\u00e1 determinante para asignar al nuevo administrador de la ciudad, quien desempe\u00f1ar\u00e1 un papel fundamental en la gesti\u00f3n y direcci\u00f3n de los pr\u00f3ximos cuatro a\u00f1os.<\/p>\n\n\n\n<p>En este sentido, Rodrigo M\u00fcller emerge ganador, obteniendo un total de 7,051 votos, lo que representa un significativo 42.62% del total. <\/p>\n\n\n\n<p>Con este respaldo mayoritario de los esperancinos, Muller se posiciona en primer lugar, por sobre Cristian Camisi que obtuvo 6,748 votos (40.79%) y Ana Copes con 2,744 votos (16.59%).<\/p>\n\n\n\n<p>La posible elecci\u00f3n de Rodrigo M\u00fcller como el pr\u00f3ximo administrador de Esperanza, refleja la confianza depositada por los ciudadanos en su capacidad de liderazgo y marca un nuevo cap\u00edtulo en el camino de la ciudad hacia un futuro prometedor.<\/p>\n<!-- AddThis Advanced Settings generic via filter on the_content --><!-- AddThis Share Buttons generic via filter on the_content -->","protected":false},"excerpt":{"rendered":"<p>El futuro de Esperanza, una ciudad en constante crecimiento y desarrollo, se encuentra en un momento [&hellip;]<!-- AddThis Advanced Settings generic via filter on get_the_excerpt --><!-- AddThis Share Buttons generic via filter on get_the_excerpt --><\/p>\n","protected":false},"author":16,"featured_media":40077,"comment_status":"open","ping_status":"open","sticky":false,"template":"","format":"standard","meta":{"_seopress_robots_primary_cat":"none","_seopress_titles_title":"","_seopress_titles_desc":"","_seopress_robots_index":"","_themeisle_gutenberg_block_has_review":false,"footnotes":""},"categories":[2,164,21,47,9],"tags":[],"class_list":["post-40073","post","type-post","status-publish","format-standard","has-post-thumbnail","hentry","category-actualidad","category-ambiente","category-las-colonias","category-locales","category-politica"],"_links":{"self":[{"href":"https:\/\/www.almargenweb.com.ar\/web\/wp-json\/wp\/v2\/posts\/40073","targetHints":{"allow":["GET"]}}],"collection":[{"href":"https:\/\/www.almargenweb.com.ar\/web\/wp-json\/wp\/v2\/posts"}],"about":[{"href":"https:\/\/www.almargenweb.com.ar\/web\/wp-json\/wp\/v2\/types\/post"}],"author":[{"embeddable":true,"href":"https:\/\/www.almargenweb.com.ar\/web\/wp-json\/wp\/v2\/users\/16"}],"replies":[{"embeddable":true,"href":"https:\/\/www.almargenweb.com.ar\/web\/wp-json\/wp\/v2\/comments?post=40073"}],"version-history":[{"count":1,"href":"https:\/\/www.almargenweb.com.ar\/web\/wp-json\/wp\/v2\/posts\/40073\/revisions"}],"predecessor-version":[{"id":40078,"href":"https:\/\/www.almargenweb.com.ar\/web\/wp-json\/wp\/v2\/posts\/40073\/revisions\/40078"}],"wp:featuredmedia":[{"embeddable":true,"href":"https:\/\/www.almargenweb.com.ar\/web\/wp-json\/wp\/v2\/media\/40077"}],"wp:attachment":[{"href":"https:\/\/www.almargenweb.com.ar\/web\/wp-json\/wp\/v2\/media?parent=40073"}],"wp:term":[{"taxonomy":"category","embeddable":true,"href":"https:\/\/www.almargenweb.com.ar\/web\/wp-json\/wp\/v2\/categories?post=40073"},{"taxonomy":"post_tag","embeddable":true,"href":"https:\/\/www.almargenweb.com.ar\/web\/wp-json\/wp\/v2\/tags?post=40073"}],"curies":[{"name":"wp","href":"https:\/\/api.w.org\/{rel}","templated":true}]}}