{"id":40048,"date":"2023-07-17T09:29:15","date_gmt":"2023-07-17T12:29:15","guid":{"rendered":"http:\/\/www.almargenweb.com.ar\/web\/?p=40048"},"modified":"2023-07-17T09:29:16","modified_gmt":"2023-07-17T12:29:16","slug":"esperanza-muller-se-impuso-en-la-interna-de-unidos-para-cambiar-santa-fe","status":"publish","type":"post","link":"https:\/\/www.almargenweb.com.ar\/web\/esperanza-muller-se-impuso-en-la-interna-de-unidos-para-cambiar-santa-fe\/","title":{"rendered":"Esperanza: M\u00fcller se impuso en la interna de Unidos para Cambiar Santa Fe"},"content":{"rendered":"\n<p>Con el 51% de los votos Rodrigo M\u00fcller se impone con el 42.78% frente al 40.32% de Cristian Cammisi. Adem\u00e1s en la interna del PJ Franconi se impone con el 89% de los sufragios.<\/p>\n\n\n\n<p> En tanto, para Unidos para Cambiar Santa Fe los votos se cuentan mesa por mesa. All\u00ed Rodrigo Muller se impone a Cristian Cammisi con el 42.78% frente al 40.32%. La ex diputada nacional Ana Copes suma el 16% de los votos.<\/p>\n\n\n\n<p>En tanto Andrea Martinez supera el m\u00ednimo para ser candidata en septiembre por la CC-ARI con m\u00e1s de 1000 votos.<\/p>\n\n\n\n<p>Los resultados dejaron al Frente Unidos para Cambiar Santa Fe con el 71 % de los votos, a Juntos Avancemos (PJ) con el 14% de los votos de la categor\u00eda y a la Coalici\u00f3n C\u00edvica con el 9%. La cantidad de votos en blanco fue apenas del 2% en la categor\u00eda a Intendente.<\/p>\n\n\n\n<p><\/p>\n\n\n\n<p><\/p>\n<!-- AddThis Advanced Settings generic via filter on the_content --><!-- AddThis Share Buttons generic via filter on the_content -->","protected":false},"excerpt":{"rendered":"<p>Con el 51% de los votos Rodrigo M\u00fcller se impone con el 42.78% frente al 40.32% [&hellip;]<!-- AddThis Advanced Settings generic via filter on get_the_excerpt --><!-- AddThis Share Buttons generic via filter on get_the_excerpt --><\/p>\n","protected":false},"author":16,"featured_media":40051,"comment_status":"open","ping_status":"open","sticky":false,"template":"","format":"standard","meta":{"_seopress_robots_primary_cat":"none","_seopress_titles_title":"","_seopress_titles_desc":"","_seopress_robots_index":"","_themeisle_gutenberg_block_has_review":false,"footnotes":""},"categories":[2,164,21,47,9,29],"tags":[],"class_list":["post-40048","post","type-post","status-publish","format-standard","has-post-thumbnail","hentry","category-actualidad","category-ambiente","category-las-colonias","category-locales","category-politica","category-regionales"],"_links":{"self":[{"href":"https:\/\/www.almargenweb.com.ar\/web\/wp-json\/wp\/v2\/posts\/40048","targetHints":{"allow":["GET"]}}],"collection":[{"href":"https:\/\/www.almargenweb.com.ar\/web\/wp-json\/wp\/v2\/posts"}],"about":[{"href":"https:\/\/www.almargenweb.com.ar\/web\/wp-json\/wp\/v2\/types\/post"}],"author":[{"embeddable":true,"href":"https:\/\/www.almargenweb.com.ar\/web\/wp-json\/wp\/v2\/users\/16"}],"replies":[{"embeddable":true,"href":"https:\/\/www.almargenweb.com.ar\/web\/wp-json\/wp\/v2\/comments?post=40048"}],"version-history":[{"count":1,"href":"https:\/\/www.almargenweb.com.ar\/web\/wp-json\/wp\/v2\/posts\/40048\/revisions"}],"predecessor-version":[{"id":40052,"href":"https:\/\/www.almargenweb.com.ar\/web\/wp-json\/wp\/v2\/posts\/40048\/revisions\/40052"}],"wp:featuredmedia":[{"embeddable":true,"href":"https:\/\/www.almargenweb.com.ar\/web\/wp-json\/wp\/v2\/media\/40051"}],"wp:attachment":[{"href":"https:\/\/www.almargenweb.com.ar\/web\/wp-json\/wp\/v2\/media?parent=40048"}],"wp:term":[{"taxonomy":"category","embeddable":true,"href":"https:\/\/www.almargenweb.com.ar\/web\/wp-json\/wp\/v2\/categories?post=40048"},{"taxonomy":"post_tag","embeddable":true,"href":"https:\/\/www.almargenweb.com.ar\/web\/wp-json\/wp\/v2\/tags?post=40048"}],"curies":[{"name":"wp","href":"https:\/\/api.w.org\/{rel}","templated":true}]}}