{"id":40013,"date":"2023-07-13T11:55:16","date_gmt":"2023-07-13T14:55:16","guid":{"rendered":"http:\/\/www.almargenweb.com.ar\/web\/?p=40013"},"modified":"2023-07-13T11:55:17","modified_gmt":"2023-07-13T14:55:17","slug":"felipe-michlig-no-creo-que-desde-las-descalificaciones-personales-y-las-mentiras-se-pueda-construir-algo-positivo","status":"publish","type":"post","link":"https:\/\/www.almargenweb.com.ar\/web\/felipe-michlig-no-creo-que-desde-las-descalificaciones-personales-y-las-mentiras-se-pueda-construir-algo-positivo\/","title":{"rendered":"Felipe Michlig: \u201cno creo que desde las descalificaciones personales y las mentiras se pueda construir algo positivo\u201d."},"content":{"rendered":"\n<p>El Senador Felipe Michlig, junto al diputado Marcelo Gonz\u00e1lez y la precandidata a Senadora suplente Mar\u00eda Paula Salari visitaron la localidad de Villa Trinidad donde encabezaron un acto de entrega de aportes y equipamientos del Programa legislativo de Fortalecimiento Institucional a numerosas instituciones de la ciudad.<\/p>\n\n\n\n<p>El Senador Michlig al ser consultado en rueda de prensa sobre la marcha de la campa\u00f1a a pocos d\u00edas de la fecha de votaci\u00f3n, consider\u00f3 que \u201clos n\u00fameros que tenemos hasta ayer nos posicionan muy bien tanto en la categor\u00eda de Senador, como las de diputados y Gobernador, con una marcada diferencia en lo que hace a la jurisdicci\u00f3n departamental\u201d.<\/p>\n\n\n\n<p><br>Sobre cr\u00edticas vertidas por la contrincante interna se\u00f1al\u00f3 que \u201cson m\u00e9todos que no compartimos, porque nuestro estilo es estar siempre presente escuchando, dando la cara y dialogando con todos, haciendo honor al voto de la gente que me puso en el lugar que estoy. <\/p>\n\n\n\n<p>No creo que desde las descalificaciones personales y las mentiras permanentes se pueda construir algo positivo\u201d reflexion\u00f3.<\/p>\n<!-- AddThis Advanced Settings generic via filter on the_content --><!-- AddThis Share Buttons generic via filter on the_content -->","protected":false},"excerpt":{"rendered":"<p>El Senador Felipe Michlig, junto al diputado Marcelo Gonz\u00e1lez y la precandidata a Senadora suplente Mar\u00eda [&hellip;]<!-- AddThis Advanced Settings generic via filter on get_the_excerpt --><!-- AddThis Share Buttons generic via filter on get_the_excerpt --><\/p>\n","protected":false},"author":16,"featured_media":40016,"comment_status":"open","ping_status":"open","sticky":false,"template":"","format":"standard","meta":{"_seopress_robots_primary_cat":"none","_seopress_titles_title":"","_seopress_titles_desc":"","_seopress_robots_index":"","_themeisle_gutenberg_block_has_review":false,"footnotes":""},"categories":[2,164,9,321],"tags":[],"class_list":["post-40013","post","type-post","status-publish","format-standard","has-post-thumbnail","hentry","category-actualidad","category-ambiente","category-politica","category-san-cristobal"],"_links":{"self":[{"href":"https:\/\/www.almargenweb.com.ar\/web\/wp-json\/wp\/v2\/posts\/40013","targetHints":{"allow":["GET"]}}],"collection":[{"href":"https:\/\/www.almargenweb.com.ar\/web\/wp-json\/wp\/v2\/posts"}],"about":[{"href":"https:\/\/www.almargenweb.com.ar\/web\/wp-json\/wp\/v2\/types\/post"}],"author":[{"embeddable":true,"href":"https:\/\/www.almargenweb.com.ar\/web\/wp-json\/wp\/v2\/users\/16"}],"replies":[{"embeddable":true,"href":"https:\/\/www.almargenweb.com.ar\/web\/wp-json\/wp\/v2\/comments?post=40013"}],"version-history":[{"count":1,"href":"https:\/\/www.almargenweb.com.ar\/web\/wp-json\/wp\/v2\/posts\/40013\/revisions"}],"predecessor-version":[{"id":40017,"href":"https:\/\/www.almargenweb.com.ar\/web\/wp-json\/wp\/v2\/posts\/40013\/revisions\/40017"}],"wp:featuredmedia":[{"embeddable":true,"href":"https:\/\/www.almargenweb.com.ar\/web\/wp-json\/wp\/v2\/media\/40016"}],"wp:attachment":[{"href":"https:\/\/www.almargenweb.com.ar\/web\/wp-json\/wp\/v2\/media?parent=40013"}],"wp:term":[{"taxonomy":"category","embeddable":true,"href":"https:\/\/www.almargenweb.com.ar\/web\/wp-json\/wp\/v2\/categories?post=40013"},{"taxonomy":"post_tag","embeddable":true,"href":"https:\/\/www.almargenweb.com.ar\/web\/wp-json\/wp\/v2\/tags?post=40013"}],"curies":[{"name":"wp","href":"https:\/\/api.w.org\/{rel}","templated":true}]}}