{"id":39976,"date":"2023-07-10T11:51:33","date_gmt":"2023-07-10T14:51:33","guid":{"rendered":"http:\/\/www.almargenweb.com.ar\/web\/?p=39976"},"modified":"2023-07-10T11:51:35","modified_gmt":"2023-07-10T14:51:35","slug":"grutly-el-director-de-enacom-visito-la-cooperativa-de-telefonos-y-servicios-publicos","status":"publish","type":"post","link":"https:\/\/www.almargenweb.com.ar\/web\/grutly-el-director-de-enacom-visito-la-cooperativa-de-telefonos-y-servicios-publicos\/","title":{"rendered":"Gr\u00fctly: el director de ENACOM visit\u00f3 la Cooperativa de Tel\u00e9fonos y Servicios P\u00fablicos"},"content":{"rendered":"\n<p>Esta semana el Presidente Comunal Victor Beltramino de Gr\u00fctly recibi\u00f3 al Director del Ente Nacional de Comunicaciones (ENACOM), Jos\u00e9 Corral, acompa\u00f1ado por la Diputada Provincial Jimena Senn.<\/p>\n\n\n\n<p> Juntos, visitaron la Cooperativa de Tel\u00e9fonos y Servicios P\u00fablicos de Grutly Limitada, donde mantuvieron una reuni\u00f3n con parte de su comisi\u00f3n directiva.<\/p>\n\n\n\n<p>Adem\u00e1s, desde el Ejecutivo local se interiorizaron en los proyectos de fibra \u00f3ptica que est\u00e1n tramitando y poder as\u00ed, realizar gestiones ante el ENACOM para su concreci\u00f3n.<\/p>\n\n\n\n<p><\/p>\n<!-- AddThis Advanced Settings generic via filter on the_content --><!-- AddThis Share Buttons generic via filter on the_content -->","protected":false},"excerpt":{"rendered":"<p>Esta semana el Presidente Comunal Victor Beltramino de Gr\u00fctly recibi\u00f3 al Director del Ente Nacional de [&hellip;]<!-- AddThis Advanced Settings generic via filter on get_the_excerpt --><!-- AddThis Share Buttons generic via filter on get_the_excerpt --><\/p>\n","protected":false},"author":16,"featured_media":39979,"comment_status":"open","ping_status":"open","sticky":false,"template":"","format":"standard","meta":{"_seopress_robots_primary_cat":"none","_seopress_titles_title":"","_seopress_titles_desc":"","_seopress_robots_index":"","_themeisle_gutenberg_block_has_review":false,"footnotes":""},"categories":[2,20,21,9],"tags":[],"class_list":["post-39976","post","type-post","status-publish","format-standard","has-post-thumbnail","hentry","category-actualidad","category-departamentales","category-las-colonias","category-politica"],"_links":{"self":[{"href":"https:\/\/www.almargenweb.com.ar\/web\/wp-json\/wp\/v2\/posts\/39976","targetHints":{"allow":["GET"]}}],"collection":[{"href":"https:\/\/www.almargenweb.com.ar\/web\/wp-json\/wp\/v2\/posts"}],"about":[{"href":"https:\/\/www.almargenweb.com.ar\/web\/wp-json\/wp\/v2\/types\/post"}],"author":[{"embeddable":true,"href":"https:\/\/www.almargenweb.com.ar\/web\/wp-json\/wp\/v2\/users\/16"}],"replies":[{"embeddable":true,"href":"https:\/\/www.almargenweb.com.ar\/web\/wp-json\/wp\/v2\/comments?post=39976"}],"version-history":[{"count":1,"href":"https:\/\/www.almargenweb.com.ar\/web\/wp-json\/wp\/v2\/posts\/39976\/revisions"}],"predecessor-version":[{"id":39980,"href":"https:\/\/www.almargenweb.com.ar\/web\/wp-json\/wp\/v2\/posts\/39976\/revisions\/39980"}],"wp:featuredmedia":[{"embeddable":true,"href":"https:\/\/www.almargenweb.com.ar\/web\/wp-json\/wp\/v2\/media\/39979"}],"wp:attachment":[{"href":"https:\/\/www.almargenweb.com.ar\/web\/wp-json\/wp\/v2\/media?parent=39976"}],"wp:term":[{"taxonomy":"category","embeddable":true,"href":"https:\/\/www.almargenweb.com.ar\/web\/wp-json\/wp\/v2\/categories?post=39976"},{"taxonomy":"post_tag","embeddable":true,"href":"https:\/\/www.almargenweb.com.ar\/web\/wp-json\/wp\/v2\/tags?post=39976"}],"curies":[{"name":"wp","href":"https:\/\/api.w.org\/{rel}","templated":true}]}}