{"id":39966,"date":"2023-07-10T09:06:25","date_gmt":"2023-07-10T12:06:25","guid":{"rendered":"http:\/\/www.almargenweb.com.ar\/web\/?p=39966"},"modified":"2023-07-10T09:06:26","modified_gmt":"2023-07-10T12:06:26","slug":"muller-y-pullaro-se-comprometieron-a-gestionar-una-nueva-planta-de-tratamiento-de-efluetes","status":"publish","type":"post","link":"https:\/\/www.almargenweb.com.ar\/web\/muller-y-pullaro-se-comprometieron-a-gestionar-una-nueva-planta-de-tratamiento-de-efluetes\/","title":{"rendered":"M\u00fcller y Pullaro se comprometieron a gestionar una nueva planta de tratamiento de efluetes"},"content":{"rendered":"\n<p>Los precandidatos a intendente y gobernador firmaron el \u201cAcuerdo para Esperanza\u201d donde, entre otras cosas, se comprometieron con la obra que permitir\u00e1 llevar cloacas a todos los barrios de Esperanza.<\/p>\n\n\n\n<p>Los candidatos se comprometieron, desde el momento que asuman sus funciones, a lograr las fuentes de financiamiento, a nivel provincial o nacional, para que la ciudad cuente con una nueva Planta de Tratamiento de Efluentes Cloacales.<\/p>\n\n\n\n<p>Al respecto, M\u00fcller expres\u00f3 que \u201cla planta de tratamiento de efluentes es una obra que el municipio no puede asumir por s\u00ed solo, sino que necesitamos de financiamiento externo. Por eso es muy importante tener el apoyo del futuro gobernador para llevar adelante esta obra tan esperada por los esperancinos\u201d.<\/p>\n\n\n\n<p>El precandidato a intendente record\u00f3 que \u201cEsperanza cuenta actualmente con una planta para atender una poblaci\u00f3n cercana a 40 mil habitantes y ya somos casi 60 mil personas. Es por esto que, m\u00ednimamente, hay que proyectar una planta para 100 mil habitantes\u201d.<\/p>\n\n\n\n<p>\u201cLos vecinos nos piden las cloacas, pero sin esta obra es imposible. Por eso vamos a tener como prioridad realizar las gestiones que nos permitan construirla y, luego, realizar las obras para llevar las cloacas a los barrios y asegurar la cobertura del servicio en el 100% de la ciudad\u201d, a\u00f1adi\u00f3 M\u00fcller.<\/p>\n\n\n\n<p>Por su parte Pullaro expres\u00f3: \u201cConozco a Rodrigo desde hace mucho tiempo, s\u00e9 de su capacidad, su voluntad y su amor por la ciudad. Est\u00e1 m\u00e1s que preparado para ser el pr\u00f3ximo intendente y desde la provincia vamos a acompa\u00f1ar su gesti\u00f3n desde el primer d\u00eda\u201d.<\/p>\n\n\n\n<p>Finalmente ambos precandidatos remarcaron que \u201cel \u2018Acuerdo para Esperanza\u2019 es el testimonio de nuestro compromiso para cambiar la ciudad. Lo firmamos frente a los vecinos y ellos ser\u00e1n los encargados de juzgarnos\u201d.<\/p>\n\n\n\n<p>El \u201cAcuerdo para Esperanza\u201d tambi\u00e9n fue rubricado por la precandidata a vicegobernadoa, Gisela Scaglia; el precandidato a senador por el departamento Las Colonias, Marcelo Dellaporta; y los precandidatos a diputados, Jos\u00e9 Corral y Jimena Senn.<\/p>\n<!-- AddThis Advanced Settings generic via filter on the_content --><!-- AddThis Share Buttons generic via filter on the_content -->","protected":false},"excerpt":{"rendered":"<p>Los precandidatos a intendente y gobernador firmaron el \u201cAcuerdo para Esperanza\u201d donde, entre otras cosas, se [&hellip;]<!-- AddThis Advanced Settings generic via filter on get_the_excerpt --><!-- AddThis Share Buttons generic via filter on get_the_excerpt --><\/p>\n","protected":false},"author":16,"featured_media":39969,"comment_status":"open","ping_status":"open","sticky":false,"template":"","format":"standard","meta":{"_seopress_robots_primary_cat":"none","_seopress_titles_title":"","_seopress_titles_desc":"","_seopress_robots_index":"","_themeisle_gutenberg_block_has_review":false,"footnotes":""},"categories":[2,164,21,47,9],"tags":[],"class_list":["post-39966","post","type-post","status-publish","format-standard","has-post-thumbnail","hentry","category-actualidad","category-ambiente","category-las-colonias","category-locales","category-politica"],"_links":{"self":[{"href":"https:\/\/www.almargenweb.com.ar\/web\/wp-json\/wp\/v2\/posts\/39966","targetHints":{"allow":["GET"]}}],"collection":[{"href":"https:\/\/www.almargenweb.com.ar\/web\/wp-json\/wp\/v2\/posts"}],"about":[{"href":"https:\/\/www.almargenweb.com.ar\/web\/wp-json\/wp\/v2\/types\/post"}],"author":[{"embeddable":true,"href":"https:\/\/www.almargenweb.com.ar\/web\/wp-json\/wp\/v2\/users\/16"}],"replies":[{"embeddable":true,"href":"https:\/\/www.almargenweb.com.ar\/web\/wp-json\/wp\/v2\/comments?post=39966"}],"version-history":[{"count":1,"href":"https:\/\/www.almargenweb.com.ar\/web\/wp-json\/wp\/v2\/posts\/39966\/revisions"}],"predecessor-version":[{"id":39970,"href":"https:\/\/www.almargenweb.com.ar\/web\/wp-json\/wp\/v2\/posts\/39966\/revisions\/39970"}],"wp:featuredmedia":[{"embeddable":true,"href":"https:\/\/www.almargenweb.com.ar\/web\/wp-json\/wp\/v2\/media\/39969"}],"wp:attachment":[{"href":"https:\/\/www.almargenweb.com.ar\/web\/wp-json\/wp\/v2\/media?parent=39966"}],"wp:term":[{"taxonomy":"category","embeddable":true,"href":"https:\/\/www.almargenweb.com.ar\/web\/wp-json\/wp\/v2\/categories?post=39966"},{"taxonomy":"post_tag","embeddable":true,"href":"https:\/\/www.almargenweb.com.ar\/web\/wp-json\/wp\/v2\/tags?post=39966"}],"curies":[{"name":"wp","href":"https:\/\/api.w.org\/{rel}","templated":true}]}}