{"id":39901,"date":"2023-07-03T10:34:50","date_gmt":"2023-07-03T13:34:50","guid":{"rendered":"http:\/\/www.almargenweb.com.ar\/web\/?p=39901"},"modified":"2023-07-03T10:34:52","modified_gmt":"2023-07-03T13:34:52","slug":"san-cristobal-felipe-michling-y-maxi-pullaro-en-la-presentacion-de-todos-los-precandidatos-de-santa-fe-puede","status":"publish","type":"post","link":"https:\/\/www.almargenweb.com.ar\/web\/san-cristobal-felipe-michling-y-maxi-pullaro-en-la-presentacion-de-todos-los-precandidatos-de-santa-fe-puede\/","title":{"rendered":"San Crist\u00f3bal: Felipe Michling y Maxi Pullaro en la presentaci\u00f3n de todos los precandidatos de \u201cSanta Fe Puede\u201d"},"content":{"rendered":"\n<p>Este s\u00e1bado por la noche en la ciudad de San Crist\u00f3bal, se realiz\u00f3 un concurrido acto de presentaci\u00f3n de todos los precandidatos de las diferentes categor\u00edas que compiten para las elecciones PASO del pr\u00f3ximo 16 de julio, en el marco de la lista \u00abSanta Fe Puede\u00bb.<\/p>\n\n\n\n<p>El encuentro estuvo encabezado por el precandidato a Gobernador Maximiliano Pullaro, el Senador Felipe Michlig y el Diputado Marcelo Gonz\u00e1lez.<\/p>\n\n\n\n<p>\u201cCumpliendo de este modo con la tercera visita del Pullaro en este mes de campa\u00f1a, estando y escuchando a vecino de todos los rincones de nuestro departamento\u201d mencion\u00f3 Michlig. <\/p>\n\n\n\n<p>En tal sentido, este s\u00e1bado por la tarde visitaron Hersilia, Ambrosetti para finalizar en San Crist\u00f3bal.<\/p>\n\n\n\n<p>En el cierre del acto Maxi Pullaro felicit\u00f3 el extraordinario trabajo que se desarrolla en todo el departamento San Crist\u00f3bal, con un senador de lujo, y sepan que a partir del 10 diciembre comenzaremos a escribir una nueva historia, para tener<\/p>\n\n\n\n<p>&#8220;Una provincia como nos merecemos, para que no haya discriminaci\u00f3n a ninguna localidad por se de un signo opositor, con transformaciones en todas las \u00e1reas, para eso tenemos los equipos y no s venimos preparando desde hace mucho tiempo\u201d, finalizo el precandidato a gobernador.<\/p>\n<!-- AddThis Advanced Settings generic via filter on the_content --><!-- AddThis Share Buttons generic via filter on the_content -->","protected":false},"excerpt":{"rendered":"<p>Este s\u00e1bado por la noche en la ciudad de San Crist\u00f3bal, se realiz\u00f3 un concurrido acto [&hellip;]<!-- AddThis Advanced Settings generic via filter on get_the_excerpt --><!-- AddThis Share Buttons generic via filter on get_the_excerpt --><\/p>\n","protected":false},"author":16,"featured_media":39904,"comment_status":"open","ping_status":"open","sticky":false,"template":"","format":"standard","meta":{"_seopress_robots_primary_cat":"none","_seopress_titles_title":"","_seopress_titles_desc":"","_seopress_robots_index":"","_themeisle_gutenberg_block_has_review":false,"footnotes":""},"categories":[2,164,20,321],"tags":[],"class_list":["post-39901","post","type-post","status-publish","format-standard","has-post-thumbnail","hentry","category-actualidad","category-ambiente","category-departamentales","category-san-cristobal"],"_links":{"self":[{"href":"https:\/\/www.almargenweb.com.ar\/web\/wp-json\/wp\/v2\/posts\/39901","targetHints":{"allow":["GET"]}}],"collection":[{"href":"https:\/\/www.almargenweb.com.ar\/web\/wp-json\/wp\/v2\/posts"}],"about":[{"href":"https:\/\/www.almargenweb.com.ar\/web\/wp-json\/wp\/v2\/types\/post"}],"author":[{"embeddable":true,"href":"https:\/\/www.almargenweb.com.ar\/web\/wp-json\/wp\/v2\/users\/16"}],"replies":[{"embeddable":true,"href":"https:\/\/www.almargenweb.com.ar\/web\/wp-json\/wp\/v2\/comments?post=39901"}],"version-history":[{"count":1,"href":"https:\/\/www.almargenweb.com.ar\/web\/wp-json\/wp\/v2\/posts\/39901\/revisions"}],"predecessor-version":[{"id":39905,"href":"https:\/\/www.almargenweb.com.ar\/web\/wp-json\/wp\/v2\/posts\/39901\/revisions\/39905"}],"wp:featuredmedia":[{"embeddable":true,"href":"https:\/\/www.almargenweb.com.ar\/web\/wp-json\/wp\/v2\/media\/39904"}],"wp:attachment":[{"href":"https:\/\/www.almargenweb.com.ar\/web\/wp-json\/wp\/v2\/media?parent=39901"}],"wp:term":[{"taxonomy":"category","embeddable":true,"href":"https:\/\/www.almargenweb.com.ar\/web\/wp-json\/wp\/v2\/categories?post=39901"},{"taxonomy":"post_tag","embeddable":true,"href":"https:\/\/www.almargenweb.com.ar\/web\/wp-json\/wp\/v2\/tags?post=39901"}],"curies":[{"name":"wp","href":"https:\/\/api.w.org\/{rel}","templated":true}]}}