{"id":39896,"date":"2023-07-03T10:10:14","date_gmt":"2023-07-03T13:10:14","guid":{"rendered":"http:\/\/www.almargenweb.com.ar\/web\/?p=39896"},"modified":"2023-07-03T10:10:15","modified_gmt":"2023-07-03T13:10:15","slug":"cinemometro-comienzan-los-controles-preventivos-de-velocidad-en-las-colonias","status":"publish","type":"post","link":"https:\/\/www.almargenweb.com.ar\/web\/cinemometro-comienzan-los-controles-preventivos-de-velocidad-en-las-colonias\/","title":{"rendered":"Cinem\u00f3metro: comienzan los controles preventivos de velocidad en Las Colonias"},"content":{"rendered":"\n<p>La Agencia Provincial de Seguridad Vial (APSV) llev\u00f3 a cabo las capacitaciones pertinentes destinadas al personal de la Polic\u00eda de Seguridad Vial de la provincia, para la manipulaci\u00f3n de cinem\u00f3metros m\u00f3viles.<\/p>\n\n\n\n<p>Estos dispositivos permitir\u00e1n controlar la velocidad de conductores que circulen por todas las rutas, especialmente por los corredores importantes como las rutas provinciales 70 y 10 y la nacional 19, y labrar actas de infracci\u00f3n por transgresi\u00f3n a las normas de tr\u00e1nsito.<\/p>\n\n\n\n<p>El objetivo principal de la radarizaci\u00f3n tiene que ver con generar conciencia vial en los conductores, sobre los riesgos que conlleva el exceso de velocidad.<\/p>\n\n\n\n<p>Los radares se ubicar\u00e1n en ambos sentidos de circulaci\u00f3n y controlar\u00e1n las velocidades m\u00e1ximas para los distintos segmentos de tr\u00e1nsito y los logos que indican presencia de radarizaci\u00f3n. El per\u00edodo de prueba tendr\u00e1 una duraci\u00f3n total de 20 d\u00edas.<\/p>\n<!-- AddThis Advanced Settings generic via filter on the_content --><!-- AddThis Share Buttons generic via filter on the_content -->","protected":false},"excerpt":{"rendered":"<p>La Agencia Provincial de Seguridad Vial (APSV) llev\u00f3 a cabo las capacitaciones pertinentes destinadas al personal [&hellip;]<!-- AddThis Advanced Settings generic via filter on get_the_excerpt --><!-- AddThis Share Buttons generic via filter on get_the_excerpt --><\/p>\n","protected":false},"author":16,"featured_media":39899,"comment_status":"open","ping_status":"open","sticky":false,"template":"","format":"standard","meta":{"_seopress_robots_primary_cat":"none","_seopress_titles_title":"","_seopress_titles_desc":"","_seopress_robots_index":"","_themeisle_gutenberg_block_has_review":false,"footnotes":""},"categories":[2,164,29,317],"tags":[],"class_list":["post-39896","post","type-post","status-publish","format-standard","has-post-thumbnail","hentry","category-actualidad","category-ambiente","category-regionales","category-transporte"],"_links":{"self":[{"href":"https:\/\/www.almargenweb.com.ar\/web\/wp-json\/wp\/v2\/posts\/39896","targetHints":{"allow":["GET"]}}],"collection":[{"href":"https:\/\/www.almargenweb.com.ar\/web\/wp-json\/wp\/v2\/posts"}],"about":[{"href":"https:\/\/www.almargenweb.com.ar\/web\/wp-json\/wp\/v2\/types\/post"}],"author":[{"embeddable":true,"href":"https:\/\/www.almargenweb.com.ar\/web\/wp-json\/wp\/v2\/users\/16"}],"replies":[{"embeddable":true,"href":"https:\/\/www.almargenweb.com.ar\/web\/wp-json\/wp\/v2\/comments?post=39896"}],"version-history":[{"count":1,"href":"https:\/\/www.almargenweb.com.ar\/web\/wp-json\/wp\/v2\/posts\/39896\/revisions"}],"predecessor-version":[{"id":39900,"href":"https:\/\/www.almargenweb.com.ar\/web\/wp-json\/wp\/v2\/posts\/39896\/revisions\/39900"}],"wp:featuredmedia":[{"embeddable":true,"href":"https:\/\/www.almargenweb.com.ar\/web\/wp-json\/wp\/v2\/media\/39899"}],"wp:attachment":[{"href":"https:\/\/www.almargenweb.com.ar\/web\/wp-json\/wp\/v2\/media?parent=39896"}],"wp:term":[{"taxonomy":"category","embeddable":true,"href":"https:\/\/www.almargenweb.com.ar\/web\/wp-json\/wp\/v2\/categories?post=39896"},{"taxonomy":"post_tag","embeddable":true,"href":"https:\/\/www.almargenweb.com.ar\/web\/wp-json\/wp\/v2\/tags?post=39896"}],"curies":[{"name":"wp","href":"https:\/\/api.w.org\/{rel}","templated":true}]}}