{"id":39849,"date":"2023-06-28T08:10:26","date_gmt":"2023-06-28T11:10:26","guid":{"rendered":"http:\/\/www.almargenweb.com.ar\/web\/?p=39849"},"modified":"2023-06-28T08:10:27","modified_gmt":"2023-06-28T11:10:27","slug":"alberto-capeletto-listos-para-liderar-la-transformacion-en-sa-pereira-y-marcar-un-nuevo-rumbo","status":"publish","type":"post","link":"https:\/\/www.almargenweb.com.ar\/web\/alberto-capeletto-listos-para-liderar-la-transformacion-en-sa-pereira-y-marcar-un-nuevo-rumbo\/","title":{"rendered":"Alberto Capeletto: Listos para liderar la transformaci\u00f3n en Sa Pereira y &#8220;marcar un nuevo rumbo&#8221;"},"content":{"rendered":"\n<p>De cara a las pr\u00f3ximas elecciones, en Sa Pereira se present\u00f3 la lista \u201cSanta Fe Puede\u201d que tiene a Alberto Capeletto candidato a presidente comunal, Maxi Pullaro gobernador, Marcelo Dellaporta senador, Jos\u00e9 Corral y Jimena Senn diputados.<\/p>\n\n\n\n<p><br>Durante la entrevista, el candidato a la presidencia comunal de Sa Pereira, Alberto Capeletto, hizo referencia a una preocupaci\u00f3n planteada por los operadores comunales en relaci\u00f3n a los cambios en la gesti\u00f3n.<\/p>\n\n\n\n<p><br>El referente pol\u00edtico resalt\u00f3 la importancia de tranquilizar a los operadores comunales ante los cambios de gesti\u00f3n, asegurando que su objetivo es generar estabilidad laboral y proteger los derechos de los trabajadores garantizando estabilidad laboral.<\/p>\n\n\n\n<figure class=\"wp-block-image size-full\"><img loading=\"lazy\" decoding=\"async\" width=\"911\" height=\"477\" src=\"https:\/\/www.almargenweb.com.ar\/web\/wp-content\/uploads\/2023\/06\/WhatsApp-Image-2023-06-27-at-16.57.30-1.jpeg\" alt=\"\" class=\"wp-image-39854\" srcset=\"https:\/\/www.almargenweb.com.ar\/web\/wp-content\/uploads\/2023\/06\/WhatsApp-Image-2023-06-27-at-16.57.30-1.jpeg 911w, https:\/\/www.almargenweb.com.ar\/web\/wp-content\/uploads\/2023\/06\/WhatsApp-Image-2023-06-27-at-16.57.30-1-300x157.jpeg 300w, https:\/\/www.almargenweb.com.ar\/web\/wp-content\/uploads\/2023\/06\/WhatsApp-Image-2023-06-27-at-16.57.30-1-768x402.jpeg 768w\" sizes=\"auto, (max-width: 911px) 100vw, 911px\" \/><figcaption class=\"wp-element-caption\">\u201cSanta Fe Puede\u201d tiene a Alberto Capeletto candidato a presidente comunal, Maxi Pullaro gobernador, Marcelo Dellaporta senador, Jos\u00e9 Corral y Jimena Senn diputados.<\/figcaption><\/figure>\n\n\n\n<p>Capeletto mencion\u00f3 que dar\u00e1 prioridad a la obra p\u00fablica, incluyendo el mejoramiento de los caminos rurales y calles en el \u00e1rea urbana.<\/p>\n\n\n\n<p> Adem\u00e1s, se comprometi\u00f3 a embellecer las plazas y parques existentes, as\u00ed como a crear un nuevo espacio verde p\u00fablico en el barrio Alto Verde.<\/p>\n\n\n\n<p class=\"has-medium-font-size\">En relaci\u00f3n a la puesta en valor del predio del ferrocarril, se presenta un proyecto bot\u00e1nico con el objetivo de diversificar la flora existente. <\/p>\n\n\n\n<p>Actualmente, el predio de 8 manzanas cuenta \u00fanicamente con ejemplares de eucalipto, una especie no aut\u00f3ctona que presenta riesgos de ca\u00edda tras tormentas el\u00e9ctricas.<\/p>\n\n\n\n<p><br>En colaboraci\u00f3n con expertos agr\u00f3nomos, se ha proyectado la plantaci\u00f3n de diversas especies arb\u00f3reas, como el ceibo, timb\u00f3, casuarina, jacarand\u00e1, tipa y aromito, entre otras.<\/p>\n\n\n\n<p>Estas especies nativas promover\u00e1n la biodiversidad y contribuir\u00e1n a un entorno m\u00e1s seguro y sostenible.<br>Por \u00faltimo, brind\u00f3 un mensaje a los ciudadanos de Sa Pereira:<\/p>\n\n\n\n<p> \u201cLleg\u00f3 el momento de generar un cambio en nuestro pueblo, nosotros estamos preparados para conducirlo, sabemos que podremos lograrlo. Tenemos el equipo, ahora necesitamos tu acompa\u00f1amiento porque estamos convencidos de que Santa Fe puede y que en Sa Pereira, el cambio es con vos\u201d, finaliz\u00f3 Alberto Capeletto.<\/p>\n<!-- AddThis Advanced Settings generic via filter on the_content --><!-- AddThis Share Buttons generic via filter on the_content -->","protected":false},"excerpt":{"rendered":"<p>De cara a las pr\u00f3ximas elecciones, en Sa Pereira se present\u00f3 la lista \u201cSanta Fe Puede\u201d [&hellip;]<!-- AddThis Advanced Settings generic via filter on get_the_excerpt --><!-- AddThis Share Buttons generic via filter on get_the_excerpt --><\/p>\n","protected":false},"author":16,"featured_media":39852,"comment_status":"open","ping_status":"open","sticky":false,"template":"","format":"standard","meta":{"_seopress_robots_primary_cat":"","_seopress_titles_title":"","_seopress_titles_desc":"","_seopress_robots_index":"","_themeisle_gutenberg_block_has_review":false,"footnotes":""},"categories":[2,164,21,47,9],"tags":[],"class_list":["post-39849","post","type-post","status-publish","format-standard","has-post-thumbnail","hentry","category-actualidad","category-ambiente","category-las-colonias","category-locales","category-politica"],"_links":{"self":[{"href":"https:\/\/www.almargenweb.com.ar\/web\/wp-json\/wp\/v2\/posts\/39849","targetHints":{"allow":["GET"]}}],"collection":[{"href":"https:\/\/www.almargenweb.com.ar\/web\/wp-json\/wp\/v2\/posts"}],"about":[{"href":"https:\/\/www.almargenweb.com.ar\/web\/wp-json\/wp\/v2\/types\/post"}],"author":[{"embeddable":true,"href":"https:\/\/www.almargenweb.com.ar\/web\/wp-json\/wp\/v2\/users\/16"}],"replies":[{"embeddable":true,"href":"https:\/\/www.almargenweb.com.ar\/web\/wp-json\/wp\/v2\/comments?post=39849"}],"version-history":[{"count":2,"href":"https:\/\/www.almargenweb.com.ar\/web\/wp-json\/wp\/v2\/posts\/39849\/revisions"}],"predecessor-version":[{"id":39859,"href":"https:\/\/www.almargenweb.com.ar\/web\/wp-json\/wp\/v2\/posts\/39849\/revisions\/39859"}],"wp:featuredmedia":[{"embeddable":true,"href":"https:\/\/www.almargenweb.com.ar\/web\/wp-json\/wp\/v2\/media\/39852"}],"wp:attachment":[{"href":"https:\/\/www.almargenweb.com.ar\/web\/wp-json\/wp\/v2\/media?parent=39849"}],"wp:term":[{"taxonomy":"category","embeddable":true,"href":"https:\/\/www.almargenweb.com.ar\/web\/wp-json\/wp\/v2\/categories?post=39849"},{"taxonomy":"post_tag","embeddable":true,"href":"https:\/\/www.almargenweb.com.ar\/web\/wp-json\/wp\/v2\/tags?post=39849"}],"curies":[{"name":"wp","href":"https:\/\/api.w.org\/{rel}","templated":true}]}}