{"id":39843,"date":"2023-06-26T09:33:31","date_gmt":"2023-06-26T12:33:31","guid":{"rendered":"http:\/\/www.almargenweb.com.ar\/web\/?p=39843"},"modified":"2023-06-26T09:33:31","modified_gmt":"2023-06-26T12:33:31","slug":"experiencia-vinculante-entre-escuelas-agrotecnicas-y-la-facultad-de-ciencias-veterinarias-de-esperanza","status":"publish","type":"post","link":"https:\/\/www.almargenweb.com.ar\/web\/experiencia-vinculante-entre-escuelas-agrotecnicas-y-la-facultad-de-ciencias-veterinarias-de-esperanza\/","title":{"rendered":"Experiencia vinculante entre Escuelas Agrot\u00e9cnicas y la Facultad de Ciencias Veterinarias de Esperanza"},"content":{"rendered":"\n<p>Autoridades y docentes de la FCV encabezados por el decano Sergio Parra, se reunieron con la Directora, Abog. Mar\u00eda Virginia Bertello de la Escuela de Educaci\u00f3n Secundaria Orientada N\u00ba 536 \u00abSantiago Denner\u201d de la localidad de Santa Mar\u00eda Norte.<\/p>\n\n\n\n<p>En el encuentro la directora aprovech\u00f3 la oportunidad para comentar y describir la realidad actual de su Instituci\u00f3n, sus necesidades en formaci\u00f3n T\u00e9cnica como acad\u00e9mica, aportes de la educaci\u00f3n superior para la comunidad, a trav\u00e9s de sus alumnos, entre otros temas.<\/p>\n\n\n\n<p>A ra\u00edz de una visita previa de la Facultad de Ciencias Veterinarias a dicha escuela, surgi\u00f3 la iniciativa de firmar un Convenio Marco, el que se pudo concretar en el d\u00eda de ayer.<\/p>\n\n\n\n<p>Sin dudas, esta relaci\u00f3n directa entre ambas instituciones, permitir\u00e1 a la facultad contribuir en las diferentes \u00c1reas Acad\u00e9micas que hacen al desarrollo diario de esta Escuela Secundaria Agrot\u00e9cnica.<\/p>\n\n\n\n<figure class=\"wp-block-image size-large is-resized\"><img loading=\"lazy\" decoding=\"async\" src=\"https:\/\/www.almargenweb.com.ar\/web\/wp-content\/uploads\/2023\/06\/355859199_732821328847892_5460405016261711372_n-461x1024.jpg\" alt=\"\" class=\"wp-image-39847\" width=\"837\" height=\"1857\" srcset=\"https:\/\/www.almargenweb.com.ar\/web\/wp-content\/uploads\/2023\/06\/355859199_732821328847892_5460405016261711372_n-461x1024.jpg 461w, https:\/\/www.almargenweb.com.ar\/web\/wp-content\/uploads\/2023\/06\/355859199_732821328847892_5460405016261711372_n-135x300.jpg 135w, https:\/\/www.almargenweb.com.ar\/web\/wp-content\/uploads\/2023\/06\/355859199_732821328847892_5460405016261711372_n.jpg 519w\" sizes=\"auto, (max-width: 837px) 100vw, 837px\" \/><figcaption class=\"wp-element-caption\">El Secretario de Extensi\u00f3n  Sebasti\u00e1n Palmero, visit\u00f3 la Escuela de Educaci\u00f3n T\u00e9cnico Profesional N\u00ba 691 \u201cLaureana F. de Olazabal\u201d de Laguna Paiva.<\/figcaption><\/figure>\n\n\n\n<p>A su vez, el Secretario de Extensi\u00f3n y Desarrollo Territorial, M\u00e9d. Vet. Sebasti\u00e1n Palmero, visit\u00f3 la Escuela de Educaci\u00f3n T\u00e9cnico Profesional N\u00ba 691 \u201cLaureana F. de Olazabal\u201d de Laguna Paiva, donde fue recibido por su Director, Marcel Bonatti.<\/p>\n\n\n\n<p><br>Este encuentro permiti\u00f3 el intercambio de diversos temas, entre ellos, el trabajo que lleva adelante la escuela en lo que respecta a ganader\u00eda bovina y producciones menores, como as\u00ed tambi\u00e9n, se compartieron diferentes programas y recursos disponibles, con el objetivo de estrechar v\u00ednculos entre la FCV y la Escuela. <\/p>\n\n\n\n<p>A ra\u00edz de ello, se dieron a conocer las acciones que nuestra casa de estudios lleva adelante en territorio, conjuntamente con instituciones de formaci\u00f3n t\u00e9cnica secundaria.<\/p>\n<!-- AddThis Advanced Settings generic via filter on the_content --><!-- AddThis Share Buttons generic via filter on the_content -->","protected":false},"excerpt":{"rendered":"<p>Autoridades y docentes de la FCV encabezados por el decano Sergio Parra, se reunieron con la [&hellip;]<!-- AddThis Advanced Settings generic via filter on get_the_excerpt --><!-- AddThis Share Buttons generic via filter on get_the_excerpt --><\/p>\n","protected":false},"author":16,"featured_media":39846,"comment_status":"open","ping_status":"open","sticky":false,"template":"","format":"standard","meta":{"_seopress_robots_primary_cat":"none","_seopress_titles_title":"","_seopress_titles_desc":"","_seopress_robots_index":"","_themeisle_gutenberg_block_has_review":false,"footnotes":""},"categories":[2,164,19,21,47],"tags":[],"class_list":["post-39843","post","type-post","status-publish","format-standard","has-post-thumbnail","hentry","category-actualidad","category-ambiente","category-educacion","category-las-colonias","category-locales"],"_links":{"self":[{"href":"https:\/\/www.almargenweb.com.ar\/web\/wp-json\/wp\/v2\/posts\/39843","targetHints":{"allow":["GET"]}}],"collection":[{"href":"https:\/\/www.almargenweb.com.ar\/web\/wp-json\/wp\/v2\/posts"}],"about":[{"href":"https:\/\/www.almargenweb.com.ar\/web\/wp-json\/wp\/v2\/types\/post"}],"author":[{"embeddable":true,"href":"https:\/\/www.almargenweb.com.ar\/web\/wp-json\/wp\/v2\/users\/16"}],"replies":[{"embeddable":true,"href":"https:\/\/www.almargenweb.com.ar\/web\/wp-json\/wp\/v2\/comments?post=39843"}],"version-history":[{"count":1,"href":"https:\/\/www.almargenweb.com.ar\/web\/wp-json\/wp\/v2\/posts\/39843\/revisions"}],"predecessor-version":[{"id":39848,"href":"https:\/\/www.almargenweb.com.ar\/web\/wp-json\/wp\/v2\/posts\/39843\/revisions\/39848"}],"wp:featuredmedia":[{"embeddable":true,"href":"https:\/\/www.almargenweb.com.ar\/web\/wp-json\/wp\/v2\/media\/39846"}],"wp:attachment":[{"href":"https:\/\/www.almargenweb.com.ar\/web\/wp-json\/wp\/v2\/media?parent=39843"}],"wp:term":[{"taxonomy":"category","embeddable":true,"href":"https:\/\/www.almargenweb.com.ar\/web\/wp-json\/wp\/v2\/categories?post=39843"},{"taxonomy":"post_tag","embeddable":true,"href":"https:\/\/www.almargenweb.com.ar\/web\/wp-json\/wp\/v2\/tags?post=39843"}],"curies":[{"name":"wp","href":"https:\/\/api.w.org\/{rel}","templated":true}]}}