{"id":39788,"date":"2023-06-21T09:16:56","date_gmt":"2023-06-21T12:16:56","guid":{"rendered":"http:\/\/www.almargenweb.com.ar\/web\/?p=39788"},"modified":"2023-06-21T09:16:57","modified_gmt":"2023-06-21T12:16:57","slug":"universidades-y-escuelas-sin-clases-la-educacion-va-a-un-paro-nacional-en-solidaridad-con-el-pueblo-de-jujuy","status":"publish","type":"post","link":"https:\/\/www.almargenweb.com.ar\/web\/universidades-y-escuelas-sin-clases-la-educacion-va-a-un-paro-nacional-en-solidaridad-con-el-pueblo-de-jujuy\/","title":{"rendered":"Universidades y escuelas sin clases: la educaci\u00f3n va a un paro nacional en solidaridad con el pueblo de Jujuy"},"content":{"rendered":"\n<p>El pr\u00f3ximo jueves 22 de junio no habr\u00e1 clases con normalidad en la provincia de Santa Fe. Los gremios de la docencia p\u00fablica y privada santafesina informaron que se suman al paro nacional de 24 horas anunciado por Ctera y Sadop.<\/p>\n\n\n\n<p>El plenario de Secretar\u00edas Generales de Conadu Hist\u00f3rica resolvi\u00f3 por unanimidad la convocatoria a un paro nacional a realizarse el jueves 22 de junio en solidaridad con la \u201cheroica\u201d lucha del pueblo juje\u00f1o y en repudio a la brutal represi\u00f3n ejecutada por la polic\u00eda de la provincia de Jujuy.<\/p>\n\n\n\n<p><\/p>\n\n\n\n<p><\/p>\n<!-- AddThis Advanced Settings generic via filter on the_content --><!-- AddThis Share Buttons generic via filter on the_content -->","protected":false},"excerpt":{"rendered":"<p>El pr\u00f3ximo jueves 22 de junio no habr\u00e1 clases con normalidad en la provincia de Santa [&hellip;]<!-- AddThis Advanced Settings generic via filter on get_the_excerpt --><!-- AddThis Share Buttons generic via filter on get_the_excerpt --><\/p>\n","protected":false},"author":16,"featured_media":39791,"comment_status":"open","ping_status":"open","sticky":false,"template":"","format":"standard","meta":{"_seopress_robots_primary_cat":"none","_seopress_titles_title":"","_seopress_titles_desc":"","_seopress_robots_index":"","_themeisle_gutenberg_block_has_review":false,"footnotes":""},"categories":[2,164,19,140],"tags":[],"class_list":["post-39788","post","type-post","status-publish","format-standard","has-post-thumbnail","hentry","category-actualidad","category-ambiente","category-educacion","category-nacionales"],"_links":{"self":[{"href":"https:\/\/www.almargenweb.com.ar\/web\/wp-json\/wp\/v2\/posts\/39788","targetHints":{"allow":["GET"]}}],"collection":[{"href":"https:\/\/www.almargenweb.com.ar\/web\/wp-json\/wp\/v2\/posts"}],"about":[{"href":"https:\/\/www.almargenweb.com.ar\/web\/wp-json\/wp\/v2\/types\/post"}],"author":[{"embeddable":true,"href":"https:\/\/www.almargenweb.com.ar\/web\/wp-json\/wp\/v2\/users\/16"}],"replies":[{"embeddable":true,"href":"https:\/\/www.almargenweb.com.ar\/web\/wp-json\/wp\/v2\/comments?post=39788"}],"version-history":[{"count":1,"href":"https:\/\/www.almargenweb.com.ar\/web\/wp-json\/wp\/v2\/posts\/39788\/revisions"}],"predecessor-version":[{"id":39792,"href":"https:\/\/www.almargenweb.com.ar\/web\/wp-json\/wp\/v2\/posts\/39788\/revisions\/39792"}],"wp:featuredmedia":[{"embeddable":true,"href":"https:\/\/www.almargenweb.com.ar\/web\/wp-json\/wp\/v2\/media\/39791"}],"wp:attachment":[{"href":"https:\/\/www.almargenweb.com.ar\/web\/wp-json\/wp\/v2\/media?parent=39788"}],"wp:term":[{"taxonomy":"category","embeddable":true,"href":"https:\/\/www.almargenweb.com.ar\/web\/wp-json\/wp\/v2\/categories?post=39788"},{"taxonomy":"post_tag","embeddable":true,"href":"https:\/\/www.almargenweb.com.ar\/web\/wp-json\/wp\/v2\/tags?post=39788"}],"curies":[{"name":"wp","href":"https:\/\/api.w.org\/{rel}","templated":true}]}}