{"id":39775,"date":"2023-06-19T07:26:58","date_gmt":"2023-06-19T10:26:58","guid":{"rendered":"http:\/\/www.almargenweb.com.ar\/web\/?p=39775"},"modified":"2023-06-19T07:26:58","modified_gmt":"2023-06-19T10:26:58","slug":"la-industria-local-debate-y-reflexiona-sobre-el-talento-humano-diversidad-e-inclusion-con-estudiantes-del-itec","status":"publish","type":"post","link":"https:\/\/www.almargenweb.com.ar\/web\/la-industria-local-debate-y-reflexiona-sobre-el-talento-humano-diversidad-e-inclusion-con-estudiantes-del-itec\/","title":{"rendered":"La industria local debate y reflexiona sobre el talento humano, diversidad e inclusi\u00f3n, con estudiantes del ITEC"},"content":{"rendered":"\n<p>M\u00e1s de 200 j\u00f3venes que cursan las cinco tecnicaturas superiores, escucharon las experiencias de referentes de industrias de la ciudad y regi\u00f3n, planteando sus inquietudes en el marco de la relaci\u00f3n entre educaci\u00f3n y trabajo.<\/p>\n\n\n\n<p>La iniciativa consisti\u00f3 en que las alumnas y alumnos de las cinco Tecnicaturas Superiores del ITEC, escuchen e intercambien ideas con personal de empresas locales que desarrolle sus tareas en el \u00e1rea de Talento Humano o bien en puestos estrat\u00e9gicos con personas a cargo.<\/p>\n\n\n\n<p>Los j\u00f3venes de 1\u00ba, 2\u00ba y 3\u00ba a\u00f1o de las tecnicaturas del Instituto, no solamente se nutrieron de las experiencias de referentes de la industria esperancina, sino que adem\u00e1s recibieron informaci\u00f3n sobre sus necesidades en materia de talento humano y plantearon sus inquietudes.<\/p>\n\n\n\n<p>&#8220;Establecer momentos de intercambio entre los diferentes participantes con el fin de potenciar el acercamiento de las empresas a los futuros profesionales de la ciudad, como as\u00ed tambi\u00e9n mejorar la empleabilidad de los estudiantes, ha sido una de las premisas b\u00e1sicas de esta primera experiencia que tuvo resultados satisfactorios&#8221; explicaron las autoridades educativas.<\/p>\n<!-- AddThis Advanced Settings generic via filter on the_content --><!-- AddThis Share Buttons generic via filter on the_content -->","protected":false},"excerpt":{"rendered":"<p>M\u00e1s de 200 j\u00f3venes que cursan las cinco tecnicaturas superiores, escucharon las experiencias de referentes de [&hellip;]<!-- AddThis Advanced Settings generic via filter on get_the_excerpt --><!-- AddThis Share Buttons generic via filter on get_the_excerpt --><\/p>\n","protected":false},"author":16,"featured_media":39778,"comment_status":"open","ping_status":"open","sticky":false,"template":"","format":"standard","meta":{"_seopress_robots_primary_cat":"none","_seopress_titles_title":"","_seopress_titles_desc":"","_seopress_robots_index":"","_themeisle_gutenberg_block_has_review":false,"footnotes":""},"categories":[2,164,19,21,47],"tags":[],"class_list":["post-39775","post","type-post","status-publish","format-standard","has-post-thumbnail","hentry","category-actualidad","category-ambiente","category-educacion","category-las-colonias","category-locales"],"_links":{"self":[{"href":"https:\/\/www.almargenweb.com.ar\/web\/wp-json\/wp\/v2\/posts\/39775","targetHints":{"allow":["GET"]}}],"collection":[{"href":"https:\/\/www.almargenweb.com.ar\/web\/wp-json\/wp\/v2\/posts"}],"about":[{"href":"https:\/\/www.almargenweb.com.ar\/web\/wp-json\/wp\/v2\/types\/post"}],"author":[{"embeddable":true,"href":"https:\/\/www.almargenweb.com.ar\/web\/wp-json\/wp\/v2\/users\/16"}],"replies":[{"embeddable":true,"href":"https:\/\/www.almargenweb.com.ar\/web\/wp-json\/wp\/v2\/comments?post=39775"}],"version-history":[{"count":1,"href":"https:\/\/www.almargenweb.com.ar\/web\/wp-json\/wp\/v2\/posts\/39775\/revisions"}],"predecessor-version":[{"id":39779,"href":"https:\/\/www.almargenweb.com.ar\/web\/wp-json\/wp\/v2\/posts\/39775\/revisions\/39779"}],"wp:featuredmedia":[{"embeddable":true,"href":"https:\/\/www.almargenweb.com.ar\/web\/wp-json\/wp\/v2\/media\/39778"}],"wp:attachment":[{"href":"https:\/\/www.almargenweb.com.ar\/web\/wp-json\/wp\/v2\/media?parent=39775"}],"wp:term":[{"taxonomy":"category","embeddable":true,"href":"https:\/\/www.almargenweb.com.ar\/web\/wp-json\/wp\/v2\/categories?post=39775"},{"taxonomy":"post_tag","embeddable":true,"href":"https:\/\/www.almargenweb.com.ar\/web\/wp-json\/wp\/v2\/tags?post=39775"}],"curies":[{"name":"wp","href":"https:\/\/api.w.org\/{rel}","templated":true}]}}