{"id":39770,"date":"2023-06-19T07:08:57","date_gmt":"2023-06-19T10:08:57","guid":{"rendered":"http:\/\/www.almargenweb.com.ar\/web\/?p=39770"},"modified":"2023-06-19T07:09:02","modified_gmt":"2023-06-19T10:09:02","slug":"anunciaron-un-paro-nacional-docente-para-el-proximo-jueves-amsafe-adhiere-a-la-medida","status":"publish","type":"post","link":"https:\/\/www.almargenweb.com.ar\/web\/anunciaron-un-paro-nacional-docente-para-el-proximo-jueves-amsafe-adhiere-a-la-medida\/","title":{"rendered":"Anunciaron un paro nacional docente para el pr\u00f3ximo jueves: Amsaf\u00e9 adhiere a la medida"},"content":{"rendered":"\n<p>La\u00a0Ctera convoc\u00f3 a un paro nacional docente para el pr\u00f3ximo jueves 22 de junio y Amsaf\u00e9 confirm\u00f3 que se adhiere a la medida de fuerza. El reclamo es en respuesta a la represi\u00f3n policial contra maestros de Jujuy que se manifestaban por la reforma de la Constituci\u00f3n de esa provincia.<\/p>\n\n\n\n<p>Ctera explic\u00f3 que la convocatoria se debe a &#8220;la grave situaci\u00f3n que vive la docencia y el pueblo juje\u00f1o&#8221; y que reclamar\u00e1 por el cese de la &#8220;represi\u00f3n al pueblo juje\u00f1o&#8221;, un &#8220;aumento salarial a los docentes&#8221; y el rechazo a la &#8220;reforma constitucional&#8221; de esa provincia aprobada el viernes.<\/p>\n\n\n\n<p><\/p>\n<!-- AddThis Advanced Settings generic via filter on the_content --><!-- AddThis Share Buttons generic via filter on the_content -->","protected":false},"excerpt":{"rendered":"<p>La\u00a0Ctera convoc\u00f3 a un paro nacional docente para el pr\u00f3ximo jueves 22 de junio y Amsaf\u00e9 [&hellip;]<!-- AddThis Advanced Settings generic via filter on get_the_excerpt --><!-- AddThis Share Buttons generic via filter on get_the_excerpt --><\/p>\n","protected":false},"author":16,"featured_media":39773,"comment_status":"open","ping_status":"open","sticky":false,"template":"","format":"standard","meta":{"_seopress_robots_primary_cat":"none","_seopress_titles_title":"","_seopress_titles_desc":"","_seopress_robots_index":"","_themeisle_gutenberg_block_has_review":false,"footnotes":""},"categories":[2,164,19],"tags":[],"class_list":["post-39770","post","type-post","status-publish","format-standard","has-post-thumbnail","hentry","category-actualidad","category-ambiente","category-educacion"],"_links":{"self":[{"href":"https:\/\/www.almargenweb.com.ar\/web\/wp-json\/wp\/v2\/posts\/39770","targetHints":{"allow":["GET"]}}],"collection":[{"href":"https:\/\/www.almargenweb.com.ar\/web\/wp-json\/wp\/v2\/posts"}],"about":[{"href":"https:\/\/www.almargenweb.com.ar\/web\/wp-json\/wp\/v2\/types\/post"}],"author":[{"embeddable":true,"href":"https:\/\/www.almargenweb.com.ar\/web\/wp-json\/wp\/v2\/users\/16"}],"replies":[{"embeddable":true,"href":"https:\/\/www.almargenweb.com.ar\/web\/wp-json\/wp\/v2\/comments?post=39770"}],"version-history":[{"count":1,"href":"https:\/\/www.almargenweb.com.ar\/web\/wp-json\/wp\/v2\/posts\/39770\/revisions"}],"predecessor-version":[{"id":39774,"href":"https:\/\/www.almargenweb.com.ar\/web\/wp-json\/wp\/v2\/posts\/39770\/revisions\/39774"}],"wp:featuredmedia":[{"embeddable":true,"href":"https:\/\/www.almargenweb.com.ar\/web\/wp-json\/wp\/v2\/media\/39773"}],"wp:attachment":[{"href":"https:\/\/www.almargenweb.com.ar\/web\/wp-json\/wp\/v2\/media?parent=39770"}],"wp:term":[{"taxonomy":"category","embeddable":true,"href":"https:\/\/www.almargenweb.com.ar\/web\/wp-json\/wp\/v2\/categories?post=39770"},{"taxonomy":"post_tag","embeddable":true,"href":"https:\/\/www.almargenweb.com.ar\/web\/wp-json\/wp\/v2\/tags?post=39770"}],"curies":[{"name":"wp","href":"https:\/\/api.w.org\/{rel}","templated":true}]}}