{"id":39755,"date":"2023-06-17T20:55:51","date_gmt":"2023-06-17T23:55:51","guid":{"rendered":"http:\/\/www.almargenweb.com.ar\/web\/?p=39755"},"modified":"2023-06-17T20:55:52","modified_gmt":"2023-06-17T23:55:52","slug":"agricultura-cual-es-la-semilla-especial-que-se-desarrolla-en-cordoba","status":"publish","type":"post","link":"https:\/\/www.almargenweb.com.ar\/web\/agricultura-cual-es-la-semilla-especial-que-se-desarrolla-en-cordoba\/","title":{"rendered":"Agricultura: cu\u00e1l es la semilla especial que se desarrolla en C\u00f3rdoba"},"content":{"rendered":"\n<p>En el sudeste de C\u00f3rdoba, una de las regiones argentinas con mayor potencial para la agricultura, seidentific\u00f3 un gran crecimiento en la siembra de &#8220;ma\u00edz\u00a0<em><strong>Illinois<\/strong><\/em>&#8221;\u00a0en relaci\u00f3n al a\u00f1o anterior: setriplic\u00f3 la venta de esta semilla durante la \u00faltima campa\u00f1a.<\/p>\n\n\n\n<p>\u00a0En C\u00f3rdoba, la zona \u201cn\u00facleo\u201d del pa\u00eds, vienen ganando terreno las semillas de\u00a0<em><strong>Illinois<\/strong><\/em>: \u201cEn lo que respecta al ma\u00edz, el h\u00edbrido que m\u00e1s sale es el IS 799, tanto VT Triple Pro (VT3P) como con tecnolog\u00eda Trecepta.<\/p>\n\n\n\n<p> Es un material con gran potencial de rendimiento, con estabilidad, que se adapta tanto a siembras tempranas como a tard\u00edas<\/p>\n<!-- AddThis Advanced Settings generic via filter on the_content --><!-- AddThis Share Buttons generic via filter on the_content -->","protected":false},"excerpt":{"rendered":"<p>En el sudeste de C\u00f3rdoba, una de las regiones argentinas con mayor potencial para la agricultura, [&hellip;]<!-- AddThis Advanced Settings generic via filter on get_the_excerpt --><!-- AddThis Share Buttons generic via filter on get_the_excerpt --><\/p>\n","protected":false},"author":16,"featured_media":39758,"comment_status":"open","ping_status":"open","sticky":false,"template":"","format":"standard","meta":{"_seopress_robots_primary_cat":"none","_seopress_titles_title":"","_seopress_titles_desc":"","_seopress_robots_index":"","_themeisle_gutenberg_block_has_review":false,"footnotes":""},"categories":[2,164,5],"tags":[],"class_list":["post-39755","post","type-post","status-publish","format-standard","has-post-thumbnail","hentry","category-actualidad","category-ambiente","category-economia"],"_links":{"self":[{"href":"https:\/\/www.almargenweb.com.ar\/web\/wp-json\/wp\/v2\/posts\/39755","targetHints":{"allow":["GET"]}}],"collection":[{"href":"https:\/\/www.almargenweb.com.ar\/web\/wp-json\/wp\/v2\/posts"}],"about":[{"href":"https:\/\/www.almargenweb.com.ar\/web\/wp-json\/wp\/v2\/types\/post"}],"author":[{"embeddable":true,"href":"https:\/\/www.almargenweb.com.ar\/web\/wp-json\/wp\/v2\/users\/16"}],"replies":[{"embeddable":true,"href":"https:\/\/www.almargenweb.com.ar\/web\/wp-json\/wp\/v2\/comments?post=39755"}],"version-history":[{"count":1,"href":"https:\/\/www.almargenweb.com.ar\/web\/wp-json\/wp\/v2\/posts\/39755\/revisions"}],"predecessor-version":[{"id":39759,"href":"https:\/\/www.almargenweb.com.ar\/web\/wp-json\/wp\/v2\/posts\/39755\/revisions\/39759"}],"wp:featuredmedia":[{"embeddable":true,"href":"https:\/\/www.almargenweb.com.ar\/web\/wp-json\/wp\/v2\/media\/39758"}],"wp:attachment":[{"href":"https:\/\/www.almargenweb.com.ar\/web\/wp-json\/wp\/v2\/media?parent=39755"}],"wp:term":[{"taxonomy":"category","embeddable":true,"href":"https:\/\/www.almargenweb.com.ar\/web\/wp-json\/wp\/v2\/categories?post=39755"},{"taxonomy":"post_tag","embeddable":true,"href":"https:\/\/www.almargenweb.com.ar\/web\/wp-json\/wp\/v2\/tags?post=39755"}],"curies":[{"name":"wp","href":"https:\/\/api.w.org\/{rel}","templated":true}]}}