{"id":39749,"date":"2023-06-16T10:35:14","date_gmt":"2023-06-16T13:35:14","guid":{"rendered":"http:\/\/www.almargenweb.com.ar\/web\/?p=39749"},"modified":"2023-06-16T10:35:14","modified_gmt":"2023-06-16T13:35:14","slug":"dia-de-la-bandera-como-se-fabrican-los-panos-albicelestes","status":"publish","type":"post","link":"https:\/\/www.almargenweb.com.ar\/web\/dia-de-la-bandera-como-se-fabrican-los-panos-albicelestes\/","title":{"rendered":"D\u00eda de la Bandera: \u00bfC\u00f3mo se fabrican los pa\u00f1os albicelestes?"},"content":{"rendered":"\n<p>El Taller de Banderas de la Ciudad de Buenos Aires es el espacio donde un equipo de especialistas del \u00e1rea de Elaboraci\u00f3n textil y ornamentaciones de la Direcci\u00f3n General de Competencias y Talleres de la Ciudad dan forma a los pa\u00f1os albicelestes que engalanan plazas, colegios e instituciones p\u00fablicas.<\/p>\n\n\n\n<p>Fundado en 1946, el taller confecciona las banderas oficiales que se realizan respetando la reglamentaci\u00f3n estipulada por Ley, que determina los colores exactos, proporciones, tipos de tela y las caracter\u00edsticas a tener en cuenta en el proceso de confecci\u00f3n.<\/p>\n\n\n\n<p>El equipo compuesto por una decena de especialistas en vexilolog\u00eda, dise\u00f1adores gr\u00e1ficos, artistas, costureras, carpinteros y herreros, elaboran mayoritariamente banderas de Argentina y de la Ciudad de Buenos Aires, aunque tambi\u00e9n se da respuesta a pedidos para actos de ceremonial y protocolo produciendo, por ejemplo, las insignias de otras provincias o pa\u00edses ante la visita de autoridades extranjeras.<\/p>\n\n\n\n<figure class=\"wp-block-image size-full\"><img loading=\"lazy\" decoding=\"async\" width=\"1024\" height=\"576\" src=\"https:\/\/www.almargenweb.com.ar\/web\/wp-content\/uploads\/2023\/06\/Taller_de_banderas-como_se_hace_una_bandera-7-1024x576-1.jpg\" alt=\"\" class=\"wp-image-39753\" srcset=\"https:\/\/www.almargenweb.com.ar\/web\/wp-content\/uploads\/2023\/06\/Taller_de_banderas-como_se_hace_una_bandera-7-1024x576-1.jpg 1024w, https:\/\/www.almargenweb.com.ar\/web\/wp-content\/uploads\/2023\/06\/Taller_de_banderas-como_se_hace_una_bandera-7-1024x576-1-300x169.jpg 300w, https:\/\/www.almargenweb.com.ar\/web\/wp-content\/uploads\/2023\/06\/Taller_de_banderas-como_se_hace_una_bandera-7-1024x576-1-768x432.jpg 768w\" sizes=\"auto, (max-width: 1024px) 100vw, 1024px\" \/><figcaption class=\"wp-element-caption\">El sol tiene un dise\u00f1o particular, ya que debe ser proporcional en base al tama\u00f1o de la bandera y los rayos deben ser 32.<\/figcaption><\/figure>\n\n\n\n<p>El taller elabora estandartes de pueblos originarios como la o la bandera del pueblo diaguita, y curiosidades como la bandera de la Libertad Civil o la de la paz.<\/p>\n\n\n\n<p>El sol de nuestra bandera:<\/p>\n\n\n\n<p>Por Ley, el sol tiene un dise\u00f1o particular, ya que debe ser proporcional en base al tama\u00f1o de la bandera y los rayos deben ser 32, con una caracter\u00edstica: 16 deben ser rectos y 16 en el sentido de las agujas del reloj, intercalados entre s\u00ed uno y otro.<\/p>\n\n\n\n<p>El rostro que lleva el sol fue sacado de la primera moneda nacional, de 1816, y no hace mucho se modific\u00f3.<\/p>\n\n\n\n<p> Si bien persiste la figuraci\u00f3n humana, se fueron las arrugas que ten\u00eda y cierta comisura, lo cual est\u00e1 justificado en la amplitud de dise\u00f1os que se ve\u00edan en la bandera.<\/p>\n\n\n\n<p>La gran bandera de Plaza de Mayo es de 15 por 10 metros, la m\u00e1s grande de las plazas y se renuevan cuando se deterioran. Algunas tardan cinco a\u00f1os y otras menos de un mes, depende de d\u00f3nde est\u00e9n ubicadas y los vientos del lugar.<\/p>\n<!-- AddThis Advanced Settings generic via filter on the_content --><!-- AddThis Share Buttons generic via filter on the_content -->","protected":false},"excerpt":{"rendered":"<p>El Taller de Banderas de la Ciudad de Buenos Aires es el espacio donde un equipo [&hellip;]<!-- AddThis Advanced Settings generic via filter on get_the_excerpt --><!-- AddThis Share Buttons generic via filter on get_the_excerpt --><\/p>\n","protected":false},"author":16,"featured_media":39752,"comment_status":"open","ping_status":"open","sticky":false,"template":"","format":"standard","meta":{"_seopress_robots_primary_cat":"none","_seopress_titles_title":"","_seopress_titles_desc":"","_seopress_robots_index":"","_themeisle_gutenberg_block_has_review":false,"footnotes":""},"categories":[1],"tags":[],"class_list":["post-39749","post","type-post","status-publish","format-standard","has-post-thumbnail","hentry","category-sin-categoria"],"_links":{"self":[{"href":"https:\/\/www.almargenweb.com.ar\/web\/wp-json\/wp\/v2\/posts\/39749","targetHints":{"allow":["GET"]}}],"collection":[{"href":"https:\/\/www.almargenweb.com.ar\/web\/wp-json\/wp\/v2\/posts"}],"about":[{"href":"https:\/\/www.almargenweb.com.ar\/web\/wp-json\/wp\/v2\/types\/post"}],"author":[{"embeddable":true,"href":"https:\/\/www.almargenweb.com.ar\/web\/wp-json\/wp\/v2\/users\/16"}],"replies":[{"embeddable":true,"href":"https:\/\/www.almargenweb.com.ar\/web\/wp-json\/wp\/v2\/comments?post=39749"}],"version-history":[{"count":1,"href":"https:\/\/www.almargenweb.com.ar\/web\/wp-json\/wp\/v2\/posts\/39749\/revisions"}],"predecessor-version":[{"id":39754,"href":"https:\/\/www.almargenweb.com.ar\/web\/wp-json\/wp\/v2\/posts\/39749\/revisions\/39754"}],"wp:featuredmedia":[{"embeddable":true,"href":"https:\/\/www.almargenweb.com.ar\/web\/wp-json\/wp\/v2\/media\/39752"}],"wp:attachment":[{"href":"https:\/\/www.almargenweb.com.ar\/web\/wp-json\/wp\/v2\/media?parent=39749"}],"wp:term":[{"taxonomy":"category","embeddable":true,"href":"https:\/\/www.almargenweb.com.ar\/web\/wp-json\/wp\/v2\/categories?post=39749"},{"taxonomy":"post_tag","embeddable":true,"href":"https:\/\/www.almargenweb.com.ar\/web\/wp-json\/wp\/v2\/tags?post=39749"}],"curies":[{"name":"wp","href":"https:\/\/api.w.org\/{rel}","templated":true}]}}