{"id":39744,"date":"2023-06-15T14:10:04","date_gmt":"2023-06-15T17:10:04","guid":{"rendered":"http:\/\/www.almargenweb.com.ar\/web\/?p=39744"},"modified":"2023-06-15T14:10:04","modified_gmt":"2023-06-15T17:10:04","slug":"conflicto-sin-solucion-colectiveros-anunciaron-un-nuevo-paro-de-48-horas-para-la-proxima-semana","status":"publish","type":"post","link":"https:\/\/www.almargenweb.com.ar\/web\/conflicto-sin-solucion-colectiveros-anunciaron-un-nuevo-paro-de-48-horas-para-la-proxima-semana\/","title":{"rendered":"Conflicto sin soluci\u00f3n: colectiveros anunciaron un nuevo paro de 48 horas para la pr\u00f3xima semana"},"content":{"rendered":"\n<p>La Uni\u00f3n Tranviarios del Automotor (UTA) y la Federaci\u00f3n Argentina de Transportistas de Carga Automotor (FATAP) se reunieron este mi\u00e9rcoles en el Ministerio de Trabajo de la Naci\u00f3n para negociar una salida al conflicto salarial que provoc\u00f3 un paro de 24 horas este martes en todo el pa\u00eds, excepto el \u00c1rea Metropolitana de Buenos Aires (AMBA). La UTA adelant\u00f3 que ejecutar\u00e1 un nuevo paro, esta vez de 48 horas, el jueves 22 y viernes 23 si no se llega antes a un acuerdo por los sueldos de los colectiveros.<\/p>\n\n\n\n<p>La audiencia de conciliaci\u00f3n termin\u00f3 sin avances que permitan destrabar la puja por aumentos de salarios que exigen los choferes y los empresarios se niegan a otorgar, acusando que carecen de los fondos necesarios debido a la falta de financiamiento de los estados nacional y provinciales.<\/p>\n\n\n\n<p>La negociaci\u00f3n pas\u00f3 a un cuarto intermedio para el mi\u00e9rcoles de la semana que viene, mientras que la UTA adelant\u00f3 una nueva medida de fuerza para la pr\u00f3xima semana. En dicho encuentro, intentar\u00e1n destrabar el conflicto.<\/p>\n\n\n\n<p>Seg\u00fan el acta del encuentro, ambas partes repudiaron la ausencia de representantes de las \u00e1reas de Transporte de las provincias en la mesa.<\/p>\n<!-- AddThis Advanced Settings generic via filter on the_content --><!-- AddThis Share Buttons generic via filter on the_content -->","protected":false},"excerpt":{"rendered":"<p>La Uni\u00f3n Tranviarios del Automotor (UTA) y la Federaci\u00f3n Argentina de Transportistas de Carga Automotor (FATAP) [&hellip;]<!-- AddThis Advanced Settings generic via filter on get_the_excerpt --><!-- AddThis Share Buttons generic via filter on get_the_excerpt --><\/p>\n","protected":false},"author":16,"featured_media":39747,"comment_status":"open","ping_status":"open","sticky":false,"template":"","format":"standard","meta":{"_seopress_robots_primary_cat":"none","_seopress_titles_title":"","_seopress_titles_desc":"","_seopress_robots_index":"","_themeisle_gutenberg_block_has_review":false,"footnotes":""},"categories":[2,317],"tags":[],"class_list":["post-39744","post","type-post","status-publish","format-standard","has-post-thumbnail","hentry","category-actualidad","category-transporte"],"_links":{"self":[{"href":"https:\/\/www.almargenweb.com.ar\/web\/wp-json\/wp\/v2\/posts\/39744","targetHints":{"allow":["GET"]}}],"collection":[{"href":"https:\/\/www.almargenweb.com.ar\/web\/wp-json\/wp\/v2\/posts"}],"about":[{"href":"https:\/\/www.almargenweb.com.ar\/web\/wp-json\/wp\/v2\/types\/post"}],"author":[{"embeddable":true,"href":"https:\/\/www.almargenweb.com.ar\/web\/wp-json\/wp\/v2\/users\/16"}],"replies":[{"embeddable":true,"href":"https:\/\/www.almargenweb.com.ar\/web\/wp-json\/wp\/v2\/comments?post=39744"}],"version-history":[{"count":1,"href":"https:\/\/www.almargenweb.com.ar\/web\/wp-json\/wp\/v2\/posts\/39744\/revisions"}],"predecessor-version":[{"id":39748,"href":"https:\/\/www.almargenweb.com.ar\/web\/wp-json\/wp\/v2\/posts\/39744\/revisions\/39748"}],"wp:featuredmedia":[{"embeddable":true,"href":"https:\/\/www.almargenweb.com.ar\/web\/wp-json\/wp\/v2\/media\/39747"}],"wp:attachment":[{"href":"https:\/\/www.almargenweb.com.ar\/web\/wp-json\/wp\/v2\/media?parent=39744"}],"wp:term":[{"taxonomy":"category","embeddable":true,"href":"https:\/\/www.almargenweb.com.ar\/web\/wp-json\/wp\/v2\/categories?post=39744"},{"taxonomy":"post_tag","embeddable":true,"href":"https:\/\/www.almargenweb.com.ar\/web\/wp-json\/wp\/v2\/tags?post=39744"}],"curies":[{"name":"wp","href":"https:\/\/api.w.org\/{rel}","templated":true}]}}