{"id":39734,"date":"2023-06-14T10:00:44","date_gmt":"2023-06-14T13:00:44","guid":{"rendered":"http:\/\/www.almargenweb.com.ar\/web\/?p=39734"},"modified":"2023-06-14T10:00:44","modified_gmt":"2023-06-14T13:00:44","slug":"los-vientos-del-sur-dieron-un-descenso-de-las-temperaturas-en-que-consiste-la-ola-polar","status":"publish","type":"post","link":"https:\/\/www.almargenweb.com.ar\/web\/los-vientos-del-sur-dieron-un-descenso-de-las-temperaturas-en-que-consiste-la-ola-polar\/","title":{"rendered":"Los vientos del sur dieron un descenso de las temperaturas \u00bfen qu\u00e9 consiste la &#8220;ola polar&#8221;?"},"content":{"rendered":"\n<p>El Servicio Meteorol\u00f3gico Nacional activ\u00f3 un alerta amarilla por la ola polar que lleg\u00f3 a esta zona del pais, el domingo y este lunes provoc\u00f3 temperaturas de apenas un grado.<\/p>\n\n\n\n<p>Un evento de ola polar se define cuando las temperaturas m\u00e1ximas y m\u00ednimas igualan o son inferiores, por lo menos durante 3 d\u00edas consecutivos y en forma simult\u00e1nea, ciertos valores que dependen de cada localidad.<\/p>\n\n\n\n<p>Seg\u00fan el SMN, durante este invierno habr\u00e1 una mayor probabilidad de que se registren, en promedio, temperaturas superiores a las normales en el NOA, Cuyo, Litoral y el este de Buenos Aires. En tanto, se esperan valores normales o superiores a lo normal en C\u00f3rdoba, el oeste de Santa Fe, oeste de Buenos Aires y La Pampa.<\/p>\n\n\n\n<p>En el extremo norte del pa\u00eds y el centro y norte de Patagonia se favorecen valores dentro del promedio para la \u00e9poca, mientras que en Tierra del Fuego y el sur de Santa Cruz incluso pueden estar por debajo de la media.<\/p>\n<!-- AddThis Advanced Settings generic via filter on the_content --><!-- AddThis Share Buttons generic via filter on the_content -->","protected":false},"excerpt":{"rendered":"<p>El Servicio Meteorol\u00f3gico Nacional activ\u00f3 un alerta amarilla por la ola polar que lleg\u00f3 a esta [&hellip;]<!-- AddThis Advanced Settings generic via filter on get_the_excerpt --><!-- AddThis Share Buttons generic via filter on get_the_excerpt --><\/p>\n","protected":false},"author":16,"featured_media":39737,"comment_status":"open","ping_status":"open","sticky":false,"template":"","format":"standard","meta":{"_seopress_robots_primary_cat":"none","_seopress_titles_title":"","_seopress_titles_desc":"","_seopress_robots_index":"","_themeisle_gutenberg_block_has_review":false,"footnotes":""},"categories":[2,164],"tags":[],"class_list":["post-39734","post","type-post","status-publish","format-standard","has-post-thumbnail","hentry","category-actualidad","category-ambiente"],"_links":{"self":[{"href":"https:\/\/www.almargenweb.com.ar\/web\/wp-json\/wp\/v2\/posts\/39734","targetHints":{"allow":["GET"]}}],"collection":[{"href":"https:\/\/www.almargenweb.com.ar\/web\/wp-json\/wp\/v2\/posts"}],"about":[{"href":"https:\/\/www.almargenweb.com.ar\/web\/wp-json\/wp\/v2\/types\/post"}],"author":[{"embeddable":true,"href":"https:\/\/www.almargenweb.com.ar\/web\/wp-json\/wp\/v2\/users\/16"}],"replies":[{"embeddable":true,"href":"https:\/\/www.almargenweb.com.ar\/web\/wp-json\/wp\/v2\/comments?post=39734"}],"version-history":[{"count":1,"href":"https:\/\/www.almargenweb.com.ar\/web\/wp-json\/wp\/v2\/posts\/39734\/revisions"}],"predecessor-version":[{"id":39738,"href":"https:\/\/www.almargenweb.com.ar\/web\/wp-json\/wp\/v2\/posts\/39734\/revisions\/39738"}],"wp:featuredmedia":[{"embeddable":true,"href":"https:\/\/www.almargenweb.com.ar\/web\/wp-json\/wp\/v2\/media\/39737"}],"wp:attachment":[{"href":"https:\/\/www.almargenweb.com.ar\/web\/wp-json\/wp\/v2\/media?parent=39734"}],"wp:term":[{"taxonomy":"category","embeddable":true,"href":"https:\/\/www.almargenweb.com.ar\/web\/wp-json\/wp\/v2\/categories?post=39734"},{"taxonomy":"post_tag","embeddable":true,"href":"https:\/\/www.almargenweb.com.ar\/web\/wp-json\/wp\/v2\/tags?post=39734"}],"curies":[{"name":"wp","href":"https:\/\/api.w.org\/{rel}","templated":true}]}}