{"id":39708,"date":"2023-06-13T11:38:22","date_gmt":"2023-06-13T14:38:22","guid":{"rendered":"http:\/\/www.almargenweb.com.ar\/web\/?p=39708"},"modified":"2023-06-13T11:38:23","modified_gmt":"2023-06-13T14:38:23","slug":"rodrigo-muller-tenemos-que-evitar-que-el-narcomenudeo-siga-creciendo-en-esperanza","status":"publish","type":"post","link":"https:\/\/www.almargenweb.com.ar\/web\/rodrigo-muller-tenemos-que-evitar-que-el-narcomenudeo-siga-creciendo-en-esperanza\/","title":{"rendered":"Rodrigo M\u00fcller: \u201cTenemos que evitar que el narcomenudeo siga creciendo en Esperanza\u201d"},"content":{"rendered":"\n<p>El precandidato a intendente, Rodrigo M\u00fcller, se refiri\u00f3 al consumo de drogas y narcomenudeo, dos problem\u00e1ticas que d\u00eda a d\u00eda crecen en nuestra ciudad. \u201cTenemos que evitar que sigan creciendo y eso se logra con un trabajo en conjunto entre todos los niveles del Estado. El municipio puede aportar mucho para limitar su crecimiento\u201d.<\/p>\n\n\n\n<p>En \u00e9se sentido, explic\u00f3 que \u201cdebemos fortalecer el trabajo coordinado con la Brigada Antidrogas del departamento Las Colonias y tambi\u00e9n con el Juzgado Federal\u201d.<\/p>\n\n\n\n<p>\u201cTambi\u00e9n es muy importante trabajar sobre la prevenci\u00f3n y para eso tenemos pensado realizar encuestas de consumo para detectar nuevas sustancias a tiempo, y potenciar las escuelas de trabajo para darles otras alternativas a los j\u00f3venes y que no terminen vinculados a la droga y el delito\u201d, agreg\u00f3 el concejal.<\/p>\n\n\n\n<p>Cabe destacar que Rodrigo fue el \u00fanico dirigente que se anim\u00f3 a denunciar puntos de venta de droga en la ciudad. Al respecto, explic\u00f3 que lo hizo porque es \u201cresponsable de la funci\u00f3n que me design\u00f3 la gente y pongo todo mi esfuerzo para mejorar la seguridad en Esperanza\u201d.<\/p>\n\n\n\n<p>\u201cCon denunciar no alcanza, por eso tambi\u00e9n es necesario realizar prevenci\u00f3n y garantizar la posibilidad de que los j\u00f3venes tengan un proyecto de vida. La falta de proyecto de vida en los j\u00f3venes es algo que me sensibiliza mucho, nosotros estamos convencidos de que hay que pelearle a la carrera que ofrecen el delito pibe por pibe en Esperanza. Estos j\u00f3venes tienen que ver y sentir que pueden hacer las cosas de otro modo, que hay otro camino para seguir\u201d, mencion\u00f3 M\u00fcller.<\/p>\n\n\n\n<p>Del mismo modo, consider\u00f3 que \u201ces importante trabajar en la contenci\u00f3n de las familias de las personas que sufren adicciones. Vamos a llevar adelante un plan que incluya charlas, asistencia legal, interdisciplinaria y hasta espiritual en pos de contener y acompa\u00f1ar a las familias que atraviesan esta problem\u00e1tica\u201d.<\/p>\n\n\n\n<p>Por \u00faltimo, M\u00fcller destac\u00f3 que \u201chace muchos a\u00f1os que trabajamos para mejorar la ciudad, los vecinos nos conocen, saben que no somos improvisados y todo lo que prometemos lo podemos cumplir. Estoy preparado, tengo un gran grupo de trabajo que me acompa\u00f1a y con Maxi Pullaro gobernador, Jos\u00e9 Corral diputado, Marcelo Dellaporta senador, Rosario Galleano en el Concejo y el apoyo de los esperancinos vamos a cambiar Esperanza\u201d.<\/p>\n<!-- AddThis Advanced Settings generic via filter on the_content --><!-- AddThis Share Buttons generic via filter on the_content -->","protected":false},"excerpt":{"rendered":"<p>El precandidato a intendente, Rodrigo M\u00fcller, se refiri\u00f3 al consumo de drogas y narcomenudeo, dos problem\u00e1ticas [&hellip;]<!-- AddThis Advanced Settings generic via filter on get_the_excerpt --><!-- AddThis Share Buttons generic via filter on get_the_excerpt --><\/p>\n","protected":false},"author":16,"featured_media":39711,"comment_status":"open","ping_status":"open","sticky":false,"template":"","format":"standard","meta":{"_seopress_robots_primary_cat":"none","_seopress_titles_title":"","_seopress_titles_desc":"","_seopress_robots_index":"","_themeisle_gutenberg_block_has_review":false,"footnotes":""},"categories":[2,164,47,29],"tags":[],"class_list":["post-39708","post","type-post","status-publish","format-standard","has-post-thumbnail","hentry","category-actualidad","category-ambiente","category-locales","category-regionales"],"_links":{"self":[{"href":"https:\/\/www.almargenweb.com.ar\/web\/wp-json\/wp\/v2\/posts\/39708","targetHints":{"allow":["GET"]}}],"collection":[{"href":"https:\/\/www.almargenweb.com.ar\/web\/wp-json\/wp\/v2\/posts"}],"about":[{"href":"https:\/\/www.almargenweb.com.ar\/web\/wp-json\/wp\/v2\/types\/post"}],"author":[{"embeddable":true,"href":"https:\/\/www.almargenweb.com.ar\/web\/wp-json\/wp\/v2\/users\/16"}],"replies":[{"embeddable":true,"href":"https:\/\/www.almargenweb.com.ar\/web\/wp-json\/wp\/v2\/comments?post=39708"}],"version-history":[{"count":1,"href":"https:\/\/www.almargenweb.com.ar\/web\/wp-json\/wp\/v2\/posts\/39708\/revisions"}],"predecessor-version":[{"id":39712,"href":"https:\/\/www.almargenweb.com.ar\/web\/wp-json\/wp\/v2\/posts\/39708\/revisions\/39712"}],"wp:featuredmedia":[{"embeddable":true,"href":"https:\/\/www.almargenweb.com.ar\/web\/wp-json\/wp\/v2\/media\/39711"}],"wp:attachment":[{"href":"https:\/\/www.almargenweb.com.ar\/web\/wp-json\/wp\/v2\/media?parent=39708"}],"wp:term":[{"taxonomy":"category","embeddable":true,"href":"https:\/\/www.almargenweb.com.ar\/web\/wp-json\/wp\/v2\/categories?post=39708"},{"taxonomy":"post_tag","embeddable":true,"href":"https:\/\/www.almargenweb.com.ar\/web\/wp-json\/wp\/v2\/tags?post=39708"}],"curies":[{"name":"wp","href":"https:\/\/api.w.org\/{rel}","templated":true}]}}