{"id":39676,"date":"2023-06-09T11:51:01","date_gmt":"2023-06-09T14:51:01","guid":{"rendered":"http:\/\/www.almargenweb.com.ar\/web\/?p=39676"},"modified":"2023-06-09T11:51:02","modified_gmt":"2023-06-09T14:51:02","slug":"uta-confirmo-un-paro-nacional-de-colectivos-para-el-martes-13-tras-el-fracaso-de-la-paritaria","status":"publish","type":"post","link":"https:\/\/www.almargenweb.com.ar\/web\/uta-confirmo-un-paro-nacional-de-colectivos-para-el-martes-13-tras-el-fracaso-de-la-paritaria\/","title":{"rendered":"UTA confirm\u00f3 un paro nacional de colectivos para el martes 13, tras el fracaso de la paritaria"},"content":{"rendered":"\n<p>Este lunes 12 de junio vence la conciliaci\u00f3n obligatoria dictada por el Ministerio de Trabajo y a partir del martes 13 el transporte p\u00fablico automotor tendr\u00e1 suspendidos los servicios, si antes no se alcanza un acuerdo. Con todo, la reuni\u00f3n de este jueves 8 a la tarde volvi\u00f3 a terminar sin \u00e9xito.<\/p>\n\n\n\n<p>El Ministerio de Transporte, le avis\u00f3 esta semana a la UTA que no tiene el dinero para darle a las empresas de colectivos, por lo que se viene demorando la actualizaci\u00f3n en la estructura de costos. <\/p>\n\n\n\n<p>Por eso, en el sector privado cuentan que los due\u00f1os de los colectivos &#8220;no van a poder pagar&#8221; el aumento que piden los choferes.<\/p>\n\n\n\n<p>El reclamo de UTA radica en que el acuerdo firmado en febrero de 2023 qued\u00f3 atrasado en relaci\u00f3n con el \u00edndice de inflaci\u00f3n. Por ese motivo, exigen \u201cmecanismos de compensaci\u00f3n\u201d para sostener el nivel adquisitivo de los salarios. <\/p>\n\n\n\n<p>Puntualmente, un incremento retroactivo al b\u00e1sico desde abril \u00faltimo, que lleve el salario a 262 mil pesos, un bono \u00fanico no remunerativo de 32 mil pesos y vi\u00e1ticos diarios para todos los trabajadores del sector.<\/p>\n<!-- AddThis Advanced Settings generic via filter on the_content --><!-- AddThis Share Buttons generic via filter on the_content -->","protected":false},"excerpt":{"rendered":"<p>Este lunes 12 de junio vence la conciliaci\u00f3n obligatoria dictada por el Ministerio de Trabajo y [&hellip;]<!-- AddThis Advanced Settings generic via filter on get_the_excerpt --><!-- AddThis Share Buttons generic via filter on get_the_excerpt --><\/p>\n","protected":false},"author":16,"featured_media":39679,"comment_status":"open","ping_status":"open","sticky":false,"template":"","format":"standard","meta":{"_seopress_robots_primary_cat":"none","_seopress_titles_title":"","_seopress_titles_desc":"","_seopress_robots_index":"","_themeisle_gutenberg_block_has_review":false,"footnotes":""},"categories":[2,5,140],"tags":[],"class_list":["post-39676","post","type-post","status-publish","format-standard","has-post-thumbnail","hentry","category-actualidad","category-economia","category-nacionales"],"_links":{"self":[{"href":"https:\/\/www.almargenweb.com.ar\/web\/wp-json\/wp\/v2\/posts\/39676","targetHints":{"allow":["GET"]}}],"collection":[{"href":"https:\/\/www.almargenweb.com.ar\/web\/wp-json\/wp\/v2\/posts"}],"about":[{"href":"https:\/\/www.almargenweb.com.ar\/web\/wp-json\/wp\/v2\/types\/post"}],"author":[{"embeddable":true,"href":"https:\/\/www.almargenweb.com.ar\/web\/wp-json\/wp\/v2\/users\/16"}],"replies":[{"embeddable":true,"href":"https:\/\/www.almargenweb.com.ar\/web\/wp-json\/wp\/v2\/comments?post=39676"}],"version-history":[{"count":1,"href":"https:\/\/www.almargenweb.com.ar\/web\/wp-json\/wp\/v2\/posts\/39676\/revisions"}],"predecessor-version":[{"id":39680,"href":"https:\/\/www.almargenweb.com.ar\/web\/wp-json\/wp\/v2\/posts\/39676\/revisions\/39680"}],"wp:featuredmedia":[{"embeddable":true,"href":"https:\/\/www.almargenweb.com.ar\/web\/wp-json\/wp\/v2\/media\/39679"}],"wp:attachment":[{"href":"https:\/\/www.almargenweb.com.ar\/web\/wp-json\/wp\/v2\/media?parent=39676"}],"wp:term":[{"taxonomy":"category","embeddable":true,"href":"https:\/\/www.almargenweb.com.ar\/web\/wp-json\/wp\/v2\/categories?post=39676"},{"taxonomy":"post_tag","embeddable":true,"href":"https:\/\/www.almargenweb.com.ar\/web\/wp-json\/wp\/v2\/tags?post=39676"}],"curies":[{"name":"wp","href":"https:\/\/api.w.org\/{rel}","templated":true}]}}