{"id":39653,"date":"2023-06-08T10:15:59","date_gmt":"2023-06-08T13:15:59","guid":{"rendered":"http:\/\/www.almargenweb.com.ar\/web\/?p=39653"},"modified":"2023-06-08T10:16:54","modified_gmt":"2023-06-08T13:16:54","slug":"ultima-jornada-calida-se-espera-una-irrupcion-de-aire-polar-a-partir-de-manana","status":"publish","type":"post","link":"https:\/\/www.almargenweb.com.ar\/web\/ultima-jornada-calida-se-espera-una-irrupcion-de-aire-polar-a-partir-de-manana\/","title":{"rendered":"\u00daltima jornada c\u00e1lida: se espera una irrupci\u00f3n de aire polar a partir de ma\u00f1ana"},"content":{"rendered":"\n<p>El viernes ser\u00e1 la jornada de transici\u00f3n hacia un nuevo escenario meteorol\u00f3gico. La entrada de aire fr\u00edo est\u00e1 pactada para la tarde, por lo que la ma\u00f1ana seguir\u00e1 mostrando valores templados en un amanecer inestable, con una temperatura desde 20\u00b0C y cielo cubierto y viento fuerte desde el noroeste, que hasta podr\u00eda llegar a sentirse agradable por el calor imperante. <\/p>\n\n\n\n<p>Estaremos expuestos a alguna precipitaci\u00f3n d\u00e9bil hasta las primeras horas de la tarde cuando rote la veleta y anuncie la tan mentada irrupci\u00f3n polar. <\/p>\n\n\n\n<p>A partir de ese momento podr\u00edamos esperar una fortificaci\u00f3n de las precipitaciones con posibilidad de chaparrones hasta el atardecer. Ser\u00e1n las primeras horas de aire ant\u00e1rtico, pero alcanzar\u00e1n para que la temperatura se repliegue hasta 18\u00b0C. <\/p>\n\n\n\n<p>Luego comenzar\u00e1 el derrumbe t\u00e9rmico con la particularidad de que la temperatura m\u00ednima se dar\u00e1 por la noche y la m\u00e1xima por la ma\u00f1ana. <\/p>\n\n\n\n<p>No hay previsi\u00f3n de lluvias para los que tengan algo en la agenda nocturna, aunque deber\u00e1n abrigarse mucho los que quieran salir.<\/p>\n<!-- AddThis Advanced Settings generic via filter on the_content --><!-- AddThis Share Buttons generic via filter on the_content -->","protected":false},"excerpt":{"rendered":"<p>El viernes ser\u00e1 la jornada de transici\u00f3n hacia un nuevo escenario meteorol\u00f3gico. La entrada de aire [&hellip;]<!-- AddThis Advanced Settings generic via filter on get_the_excerpt --><!-- AddThis Share Buttons generic via filter on get_the_excerpt --><\/p>\n","protected":false},"author":16,"featured_media":39656,"comment_status":"open","ping_status":"open","sticky":false,"template":"","format":"standard","meta":{"_seopress_robots_primary_cat":"none","_seopress_titles_title":"","_seopress_titles_desc":"","_seopress_robots_index":"","_themeisle_gutenberg_block_has_review":false,"footnotes":""},"categories":[2,164],"tags":[],"class_list":["post-39653","post","type-post","status-publish","format-standard","has-post-thumbnail","hentry","category-actualidad","category-ambiente"],"_links":{"self":[{"href":"https:\/\/www.almargenweb.com.ar\/web\/wp-json\/wp\/v2\/posts\/39653","targetHints":{"allow":["GET"]}}],"collection":[{"href":"https:\/\/www.almargenweb.com.ar\/web\/wp-json\/wp\/v2\/posts"}],"about":[{"href":"https:\/\/www.almargenweb.com.ar\/web\/wp-json\/wp\/v2\/types\/post"}],"author":[{"embeddable":true,"href":"https:\/\/www.almargenweb.com.ar\/web\/wp-json\/wp\/v2\/users\/16"}],"replies":[{"embeddable":true,"href":"https:\/\/www.almargenweb.com.ar\/web\/wp-json\/wp\/v2\/comments?post=39653"}],"version-history":[{"count":2,"href":"https:\/\/www.almargenweb.com.ar\/web\/wp-json\/wp\/v2\/posts\/39653\/revisions"}],"predecessor-version":[{"id":39661,"href":"https:\/\/www.almargenweb.com.ar\/web\/wp-json\/wp\/v2\/posts\/39653\/revisions\/39661"}],"wp:featuredmedia":[{"embeddable":true,"href":"https:\/\/www.almargenweb.com.ar\/web\/wp-json\/wp\/v2\/media\/39656"}],"wp:attachment":[{"href":"https:\/\/www.almargenweb.com.ar\/web\/wp-json\/wp\/v2\/media?parent=39653"}],"wp:term":[{"taxonomy":"category","embeddable":true,"href":"https:\/\/www.almargenweb.com.ar\/web\/wp-json\/wp\/v2\/categories?post=39653"},{"taxonomy":"post_tag","embeddable":true,"href":"https:\/\/www.almargenweb.com.ar\/web\/wp-json\/wp\/v2\/tags?post=39653"}],"curies":[{"name":"wp","href":"https:\/\/api.w.org\/{rel}","templated":true}]}}