{"id":39643,"date":"2023-06-07T09:12:43","date_gmt":"2023-06-07T12:12:43","guid":{"rendered":"http:\/\/www.almargenweb.com.ar\/web\/?p=39643"},"modified":"2023-06-07T09:12:44","modified_gmt":"2023-06-07T12:12:44","slug":"rodrigo-muller-y-el-compromiso-de-una-gestion-austera-y-sin-despilfarro-con-fomento-de-trabajo","status":"publish","type":"post","link":"https:\/\/www.almargenweb.com.ar\/web\/rodrigo-muller-y-el-compromiso-de-una-gestion-austera-y-sin-despilfarro-con-fomento-de-trabajo\/","title":{"rendered":"Rodrigo M\u00fcller y el compromiso de una gesti\u00f3n \u201caustera y sin despilfarro, con fomento de trabajo\u201d"},"content":{"rendered":"\n<p>En la previa de las elecciones PASO, el concejal radical y precandidato a intendente, Rodrigo M\u00fcller, se refiri\u00f3 a su plan de gobierno si asume la intendencia y prometi\u00f3 llevar adelante \u201cuna gesti\u00f3n austera y sin despilfarro\u201d.<\/p>\n\n\n\n<p>En otro tramo de su declaraci\u00f3n, M\u00fcller se refiri\u00f3 a un nuevo impulso en materia educativa que pretende generar en Esperanza. \u201cPotenciaremos los espacios en desuso, reforzaremos nuestro v\u00ednculo con el ITEC y con los espacios de educaci\u00f3n no formal que hay en la ciudad. Tambi\u00e9n fomentaremos las Escuelas de Trabajo porque queremos brindarle posibilidades a todos los j\u00f3venes de Esperanza\u201d.<\/p>\n\n\n\n<p>Por otro lado, el concejal manifest\u00f3 que \u201cnecesitamos reordenar los tributos de la ciudad. El municipio debe acompa\u00f1ar y potenciar la actividad comercial y no asfixiar a los emprendedores que son el motor de nuestra econom\u00eda\u201d.<\/p>\n\n\n\n<p>En ese sentido, anunci\u00f3 que \u201celiminaremos el tributo sobre los carteles en la ciudad, ser\u00e1 nuestro compromiso para bajar los tributos locales y apoyar la actividad comercial reduciendo la burocracia y los tramites\u201d, agreg\u00f3 Rodrigo.<\/p>\n\n\n\n<p>En tal sentido las habilitaciones comerciales, se realizaran a trav\u00e9s de la p\u00e1gina web de la Municipalidad. El Programa se denominar\u00e1 \u201cMI PRIMER EMPRENDIMIENTO\u201d.<\/p>\n\n\n\n<p>\u00bfC\u00f3mo funcionar\u00e1 este nuevo sistema? Ser\u00e1 100% digital y \u00e1gil:<\/p>\n\n\n\n<p>\u2705 Completa una declaraci\u00f3n jurada en el portal web del municipio.<br>\u2705 Recibe un certificado provisorio QR por 60 d\u00edas para comenzar a trabajar.<br>\u2705 Durante ese per\u00edodo, el municipio verificar\u00e1 que todo est\u00e9 en regla.<br>\u2705 Si todo est\u00e1 en orden, se otorgar\u00e1 la habilitaci\u00f3n definitiva.<\/p>\n\n\n\n<p>Por \u00faltimo, M\u00fcller destac\u00f3 que \u201chace muchos a\u00f1os que trabajamos para mejorar la ciudad, los vecinos nos conocen, saben que no somos improvisados y todo lo que prometemos lo podemos cumplir.<\/p>\n\n\n\n<p> Estoy preparado, tengo un gran grupo de trabajo que me acompa\u00f1a y con Maxi Pullaro gobernador, Jos\u00e9 Corral diputado, Marcelo Dellaporta senador, Rosario Galleano en el Concejo y el apoyo de los esperancinos vamos a cambiar Esperanza\u201d.<\/p>\n<!-- AddThis Advanced Settings generic via filter on the_content --><!-- AddThis Share Buttons generic via filter on the_content -->","protected":false},"excerpt":{"rendered":"<p>En la previa de las elecciones PASO, el concejal radical y precandidato a intendente, Rodrigo M\u00fcller, [&hellip;]<!-- AddThis Advanced Settings generic via filter on get_the_excerpt --><!-- AddThis Share Buttons generic via filter on get_the_excerpt --><\/p>\n","protected":false},"author":16,"featured_media":39646,"comment_status":"open","ping_status":"open","sticky":false,"template":"","format":"standard","meta":{"_seopress_robots_primary_cat":"none","_seopress_titles_title":"","_seopress_titles_desc":"","_seopress_robots_index":"","_themeisle_gutenberg_block_has_review":false,"footnotes":""},"categories":[2,164,21,47,9,29],"tags":[],"class_list":["post-39643","post","type-post","status-publish","format-standard","has-post-thumbnail","hentry","category-actualidad","category-ambiente","category-las-colonias","category-locales","category-politica","category-regionales"],"_links":{"self":[{"href":"https:\/\/www.almargenweb.com.ar\/web\/wp-json\/wp\/v2\/posts\/39643","targetHints":{"allow":["GET"]}}],"collection":[{"href":"https:\/\/www.almargenweb.com.ar\/web\/wp-json\/wp\/v2\/posts"}],"about":[{"href":"https:\/\/www.almargenweb.com.ar\/web\/wp-json\/wp\/v2\/types\/post"}],"author":[{"embeddable":true,"href":"https:\/\/www.almargenweb.com.ar\/web\/wp-json\/wp\/v2\/users\/16"}],"replies":[{"embeddable":true,"href":"https:\/\/www.almargenweb.com.ar\/web\/wp-json\/wp\/v2\/comments?post=39643"}],"version-history":[{"count":1,"href":"https:\/\/www.almargenweb.com.ar\/web\/wp-json\/wp\/v2\/posts\/39643\/revisions"}],"predecessor-version":[{"id":39647,"href":"https:\/\/www.almargenweb.com.ar\/web\/wp-json\/wp\/v2\/posts\/39643\/revisions\/39647"}],"wp:featuredmedia":[{"embeddable":true,"href":"https:\/\/www.almargenweb.com.ar\/web\/wp-json\/wp\/v2\/media\/39646"}],"wp:attachment":[{"href":"https:\/\/www.almargenweb.com.ar\/web\/wp-json\/wp\/v2\/media?parent=39643"}],"wp:term":[{"taxonomy":"category","embeddable":true,"href":"https:\/\/www.almargenweb.com.ar\/web\/wp-json\/wp\/v2\/categories?post=39643"},{"taxonomy":"post_tag","embeddable":true,"href":"https:\/\/www.almargenweb.com.ar\/web\/wp-json\/wp\/v2\/tags?post=39643"}],"curies":[{"name":"wp","href":"https:\/\/api.w.org\/{rel}","templated":true}]}}