{"id":39595,"date":"2023-05-31T10:12:15","date_gmt":"2023-05-31T13:12:15","guid":{"rendered":"http:\/\/www.almargenweb.com.ar\/web\/?p=39595"},"modified":"2023-05-31T10:12:16","modified_gmt":"2023-05-31T13:12:16","slug":"guardia-urbana-muller-destaco-que-su-aplicacion-sera-un-salto-cualitativo-en-la-lucha-contra-la-inseguridad","status":"publish","type":"post","link":"https:\/\/www.almargenweb.com.ar\/web\/guardia-urbana-muller-destaco-que-su-aplicacion-sera-un-salto-cualitativo-en-la-lucha-contra-la-inseguridad\/","title":{"rendered":"Guardia Urbana: M\u00fcller destac\u00f3 que \u201csu aplicaci\u00f3n ser\u00e1 un salto cualitativo en la lucha contra la inseguridad\u201d"},"content":{"rendered":"\n<p>El concejal radical y precandidato a intendente, Rodrigo M\u00fcller, brind\u00f3 detalles sobre su iniciativa de crear una Guardia Urbana para Esperanza. \u201cDesde el municipio se puede hacer m\u00e1s por mejorar la seguridad en la ciudad y la creaci\u00f3n de una fuerza municipal es una de las prioridades que va a tener mi gesti\u00f3n\u201d.<\/p>\n\n\n\n<p>Sobre las caracter\u00edsticas de la fuerza, M\u00fcller explic\u00f3 que \u201cqueremos que est\u00e9 capacitada tanto para actuar en la v\u00eda p\u00fablica como en investigaci\u00f3n criminal y an\u00e1lisis del delito, lo que les posibilitar\u00e1 tener un mejor uso de los sistemas de videovigilancia en la ciudad\u201d.<\/p>\n\n\n\n<p>\u201cSu aplicaci\u00f3n ser\u00e1 un salto cualitativo en la lucha contra la inseguridad en Esperanza\u201d, destac\u00f3 el concejal y agreg\u00f3 que \u201clos agentes ser\u00e1n capacitados por el Instituto de Seguridad P\u00fablica (ISEP), que ya ha capacitado a otras fuerzas similares con muy buenos resultados\u201d.<\/p>\n\n\n\n<figure class=\"wp-block-image size-large\"><img loading=\"lazy\" decoding=\"async\" width=\"1024\" height=\"684\" src=\"https:\/\/www.almargenweb.com.ar\/web\/wp-content\/uploads\/2023\/05\/WhatsApp-Image-2023-05-31-at-00.01.21-2-1024x684.jpeg\" alt=\"\" class=\"wp-image-39598\" srcset=\"https:\/\/www.almargenweb.com.ar\/web\/wp-content\/uploads\/2023\/05\/WhatsApp-Image-2023-05-31-at-00.01.21-2-1024x684.jpeg 1024w, https:\/\/www.almargenweb.com.ar\/web\/wp-content\/uploads\/2023\/05\/WhatsApp-Image-2023-05-31-at-00.01.21-2-300x201.jpeg 300w, https:\/\/www.almargenweb.com.ar\/web\/wp-content\/uploads\/2023\/05\/WhatsApp-Image-2023-05-31-at-00.01.21-2-768x513.jpeg 768w, https:\/\/www.almargenweb.com.ar\/web\/wp-content\/uploads\/2023\/05\/WhatsApp-Image-2023-05-31-at-00.01.21-2.jpeg 1200w\" sizes=\"auto, (max-width: 1024px) 100vw, 1024px\" \/><figcaption class=\"wp-element-caption\">Grupo de trabajo: &#8220;con Maxi Pullaro gobernador, Jos\u00e9 Corral diputado, Marcelo Dellaporta senador, Rosario Galleano en el Concejo y el apoyo de los esperancinos vamos a cambiar Esperanza&#8221;&lt;<\/figcaption><\/figure>\n\n\n\n<p>Luego, M\u00fcller remarc\u00f3 que \u201cel objetivo es mejorar la seguridad en los barrios de la ciudad. Es por eso que a la creaci\u00f3n de la Guardia Urbana le sumaremos el fortalecimiento de las subcomisar\u00edas de La Orilla y el Arco de la Colonizaci\u00f3n y la creaci\u00f3n de una nueva en la Vecinal Sur. Es un compromiso que tomamos con el precandidato a gobernador, Maxi Pullaro\u201d.<\/p>\n\n\n\n<p>Por \u00faltimo, Rodrigo destac\u00f3 que \u201chace muchos a\u00f1os que trabajamos para mejorar la ciudad, los vecinos nos conocen, saben que no somos improvisados y todo lo que prometemos lo podemos cumplir.<\/p>\n\n\n\n<p> Estoy preparado, tengo un gran grupo de trabajo que me acompa\u00f1a y con Maxi Pullaro gobernador, Jos\u00e9 Corral diputado, Marcelo Dellaporta senador, Rosario Galleano en el Concejo y el apoyo de los esperancinos vamos a cambiar Esperanza\u201d.<\/p>\n<!-- AddThis Advanced Settings generic via filter on the_content --><!-- AddThis Share Buttons generic via filter on the_content -->","protected":false},"excerpt":{"rendered":"<p>El concejal radical y precandidato a intendente, Rodrigo M\u00fcller, brind\u00f3 detalles sobre su iniciativa de crear [&hellip;]<!-- AddThis Advanced Settings generic via filter on get_the_excerpt --><!-- AddThis Share Buttons generic via filter on get_the_excerpt --><\/p>\n","protected":false},"author":16,"featured_media":39599,"comment_status":"open","ping_status":"open","sticky":false,"template":"","format":"standard","meta":{"_seopress_robots_primary_cat":"none","_seopress_titles_title":"","_seopress_titles_desc":"","_seopress_robots_index":"","_themeisle_gutenberg_block_has_review":false,"footnotes":""},"categories":[2,164,21,47,9],"tags":[],"class_list":["post-39595","post","type-post","status-publish","format-standard","has-post-thumbnail","hentry","category-actualidad","category-ambiente","category-las-colonias","category-locales","category-politica"],"_links":{"self":[{"href":"https:\/\/www.almargenweb.com.ar\/web\/wp-json\/wp\/v2\/posts\/39595","targetHints":{"allow":["GET"]}}],"collection":[{"href":"https:\/\/www.almargenweb.com.ar\/web\/wp-json\/wp\/v2\/posts"}],"about":[{"href":"https:\/\/www.almargenweb.com.ar\/web\/wp-json\/wp\/v2\/types\/post"}],"author":[{"embeddable":true,"href":"https:\/\/www.almargenweb.com.ar\/web\/wp-json\/wp\/v2\/users\/16"}],"replies":[{"embeddable":true,"href":"https:\/\/www.almargenweb.com.ar\/web\/wp-json\/wp\/v2\/comments?post=39595"}],"version-history":[{"count":1,"href":"https:\/\/www.almargenweb.com.ar\/web\/wp-json\/wp\/v2\/posts\/39595\/revisions"}],"predecessor-version":[{"id":39600,"href":"https:\/\/www.almargenweb.com.ar\/web\/wp-json\/wp\/v2\/posts\/39595\/revisions\/39600"}],"wp:featuredmedia":[{"embeddable":true,"href":"https:\/\/www.almargenweb.com.ar\/web\/wp-json\/wp\/v2\/media\/39599"}],"wp:attachment":[{"href":"https:\/\/www.almargenweb.com.ar\/web\/wp-json\/wp\/v2\/media?parent=39595"}],"wp:term":[{"taxonomy":"category","embeddable":true,"href":"https:\/\/www.almargenweb.com.ar\/web\/wp-json\/wp\/v2\/categories?post=39595"},{"taxonomy":"post_tag","embeddable":true,"href":"https:\/\/www.almargenweb.com.ar\/web\/wp-json\/wp\/v2\/tags?post=39595"}],"curies":[{"name":"wp","href":"https:\/\/api.w.org\/{rel}","templated":true}]}}