{"id":39569,"date":"2023-05-29T12:12:21","date_gmt":"2023-05-29T15:12:21","guid":{"rendered":"http:\/\/www.almargenweb.com.ar\/web\/?p=39569"},"modified":"2023-05-29T12:12:22","modified_gmt":"2023-05-29T15:12:22","slug":"miles-de-aves-sacrificadas-en-entre-rios-tras-confirmarse-el-primer-brote-de-influenza-aviar-en-la-provincia","status":"publish","type":"post","link":"https:\/\/www.almargenweb.com.ar\/web\/miles-de-aves-sacrificadas-en-entre-rios-tras-confirmarse-el-primer-brote-de-influenza-aviar-en-la-provincia\/","title":{"rendered":"Miles de aves sacrificadas en Entre R\u00edos tras confirmarse el primer brote de influenza aviar en la provincia"},"content":{"rendered":"\n<p>El supervisor de Senasa en la zona, Cristian G\u00f3mez, confirm\u00f3 el rifle sanitario en declaraciones a LT 14 Radio Nacional General Urquiza y brind\u00f3 una descripci\u00f3n del cuadro sanitario en la zona.<\/p>\n\n\n\n<p>Unas 13.000 gallinas ponedoras debieron ser sacrificadas en General Racedo, a pocos kil\u00f3metros de la capital de Entre R\u00edos, como resultado de la detecci\u00f3n de un brote de influenza aviar (IA) H5 que el Servicio Nacional de Sanidad y Calidad Agroalimentaria (Senasa) confirm\u00f3 el viernes 19 de mayo en aves de una granja comercial .<\/p>\n\n\n\n<p>Este sacrificio masivo se llev\u00f3 a cabo como medida preventiva para contener la propagaci\u00f3n del virus y evitar mayores consecuencias.<\/p>\n\n\n\n<figure class=\"wp-block-image size-large\"><img loading=\"lazy\" decoding=\"async\" width=\"1024\" height=\"516\" src=\"https:\/\/www.almargenweb.com.ar\/web\/wp-content\/uploads\/2023\/05\/DzKBM2xIJ_1300x655__1-1024x516.webp\" alt=\"\" class=\"wp-image-39573\" srcset=\"https:\/\/www.almargenweb.com.ar\/web\/wp-content\/uploads\/2023\/05\/DzKBM2xIJ_1300x655__1-1024x516.webp 1024w, https:\/\/www.almargenweb.com.ar\/web\/wp-content\/uploads\/2023\/05\/DzKBM2xIJ_1300x655__1-300x151.webp 300w, https:\/\/www.almargenweb.com.ar\/web\/wp-content\/uploads\/2023\/05\/DzKBM2xIJ_1300x655__1-768x387.webp 768w, https:\/\/www.almargenweb.com.ar\/web\/wp-content\/uploads\/2023\/05\/DzKBM2xIJ_1300x655__1.webp 1300w\" sizes=\"auto, (max-width: 1024px) 100vw, 1024px\" \/><figcaption class=\"wp-element-caption\">Protocolo sanitario: el sacrificio masivo de gallinas es una medida necesaria para evitar la propagaci\u00f3n del virus a otras granjas cercanas.<\/figcaption><\/figure>\n\n\n\n<p> La granja afectada, que albergaba aves adultas y de recr\u00eda, se encuentra en una zona densamente poblada por aves, lo que ha generado un alto riesgo de propagaci\u00f3n del virus. Ante esta situaci\u00f3n, se ha tomado la decisi\u00f3n de sacrificar la totalidad de las aves afectadas.<\/p>\n\n\n\n<p>Esta detecci\u00f3n de influenza aviar en Entre R\u00edos, la principal provincia productora de aves del pa\u00eds, ha generado preocupaci\u00f3n en el sector av\u00edcola. <\/p>\n\n\n\n<p>El sacrificio masivo de gallinas es una medida dr\u00e1stica pero necesaria para proteger la salud de las aves y evitar la propagaci\u00f3n del virus a otras granjas cercanas.<\/p>\n<!-- AddThis Advanced Settings generic via filter on the_content --><!-- AddThis Share Buttons generic via filter on the_content -->","protected":false},"excerpt":{"rendered":"<p>El supervisor de Senasa en la zona, Cristian G\u00f3mez, confirm\u00f3 el rifle sanitario en declaraciones a [&hellip;]<!-- AddThis Advanced Settings generic via filter on get_the_excerpt --><!-- AddThis Share Buttons generic via filter on get_the_excerpt --><\/p>\n","protected":false},"author":16,"featured_media":39572,"comment_status":"open","ping_status":"open","sticky":false,"template":"","format":"standard","meta":{"_seopress_robots_primary_cat":"none","_seopress_titles_title":"","_seopress_titles_desc":"","_seopress_robots_index":"","_themeisle_gutenberg_block_has_review":false,"footnotes":""},"categories":[2,164,15],"tags":[],"class_list":["post-39569","post","type-post","status-publish","format-standard","has-post-thumbnail","hentry","category-actualidad","category-ambiente","category-salud"],"_links":{"self":[{"href":"https:\/\/www.almargenweb.com.ar\/web\/wp-json\/wp\/v2\/posts\/39569","targetHints":{"allow":["GET"]}}],"collection":[{"href":"https:\/\/www.almargenweb.com.ar\/web\/wp-json\/wp\/v2\/posts"}],"about":[{"href":"https:\/\/www.almargenweb.com.ar\/web\/wp-json\/wp\/v2\/types\/post"}],"author":[{"embeddable":true,"href":"https:\/\/www.almargenweb.com.ar\/web\/wp-json\/wp\/v2\/users\/16"}],"replies":[{"embeddable":true,"href":"https:\/\/www.almargenweb.com.ar\/web\/wp-json\/wp\/v2\/comments?post=39569"}],"version-history":[{"count":1,"href":"https:\/\/www.almargenweb.com.ar\/web\/wp-json\/wp\/v2\/posts\/39569\/revisions"}],"predecessor-version":[{"id":39574,"href":"https:\/\/www.almargenweb.com.ar\/web\/wp-json\/wp\/v2\/posts\/39569\/revisions\/39574"}],"wp:featuredmedia":[{"embeddable":true,"href":"https:\/\/www.almargenweb.com.ar\/web\/wp-json\/wp\/v2\/media\/39572"}],"wp:attachment":[{"href":"https:\/\/www.almargenweb.com.ar\/web\/wp-json\/wp\/v2\/media?parent=39569"}],"wp:term":[{"taxonomy":"category","embeddable":true,"href":"https:\/\/www.almargenweb.com.ar\/web\/wp-json\/wp\/v2\/categories?post=39569"},{"taxonomy":"post_tag","embeddable":true,"href":"https:\/\/www.almargenweb.com.ar\/web\/wp-json\/wp\/v2\/tags?post=39569"}],"curies":[{"name":"wp","href":"https:\/\/api.w.org\/{rel}","templated":true}]}}