{"id":39534,"date":"2023-05-23T11:27:20","date_gmt":"2023-05-23T14:27:20","guid":{"rendered":"http:\/\/www.almargenweb.com.ar\/web\/?p=39534"},"modified":"2023-05-23T11:27:21","modified_gmt":"2023-05-23T14:27:21","slug":"segun-la-organizacion-mundial-de-la-salud-70-millones-de-personas-tienen-tartamudez-en-diferentes-grados","status":"publish","type":"post","link":"https:\/\/www.almargenweb.com.ar\/web\/segun-la-organizacion-mundial-de-la-salud-70-millones-de-personas-tienen-tartamudez-en-diferentes-grados\/","title":{"rendered":"Seg\u00fan la Organizaci\u00f3n Mundial de la Salud, 70 millones de personas, tienen tartamudez en diferentes grados."},"content":{"rendered":"\n<p>La tartamudez es un trastorno del habla que afecta a muchas personas en todo el mundo. Aunque puede presentar desaf\u00edos en la comunicaci\u00f3n fluida, es esencial comprender que la tartamudez no define a una persona ni limita su potencial.<\/p>\n\n\n\n<p>En ocaciones, la fluidez de la comunicaci\u00f3n oral puede fallar por la aparici\u00f3n de trastornos funcionales del habla como la dislexia o la tartamudez.<\/p>\n\n\n\n<p>Consiste en una alteraci\u00f3n del ritmo y la fluidez verbal, que se caracteriza por repeticiones indeseadas de s\u00edlabas, palabras o frases, acompa\u00f1adas de interrupciones espasm\u00f3dicas de la conversaci\u00f3n, que producen angustia y son dif\u00edciles de controlar.<\/p>\n\n\n\n<p>El origen de la tartamudez est\u00e1 en la falta de coordinaci\u00f3n de los movimientos perif\u00e9ricos del habla, pero no se conoce su causa.<\/p>\n\n\n\n<figure class=\"wp-block-image size-large\"><img loading=\"lazy\" decoding=\"async\" width=\"1024\" height=\"576\" src=\"https:\/\/www.almargenweb.com.ar\/web\/wp-content\/uploads\/2023\/05\/b6a118fac85e378dc9f88faf7c2efb43-1024x576.jpg\" alt=\"\" class=\"wp-image-39538\" srcset=\"https:\/\/www.almargenweb.com.ar\/web\/wp-content\/uploads\/2023\/05\/b6a118fac85e378dc9f88faf7c2efb43-1024x576.jpg 1024w, https:\/\/www.almargenweb.com.ar\/web\/wp-content\/uploads\/2023\/05\/b6a118fac85e378dc9f88faf7c2efb43-300x169.jpg 300w, https:\/\/www.almargenweb.com.ar\/web\/wp-content\/uploads\/2023\/05\/b6a118fac85e378dc9f88faf7c2efb43-768x432.jpg 768w, https:\/\/www.almargenweb.com.ar\/web\/wp-content\/uploads\/2023\/05\/b6a118fac85e378dc9f88faf7c2efb43.jpg 1200w\" sizes=\"auto, (max-width: 1024px) 100vw, 1024px\" \/><figcaption class=\"wp-element-caption\">En la tartamudez t\u00f3nica se producen espasmos que detienen o interrumpen la conversaci\u00f3n con mayor incidencia en los varones.<\/figcaption><\/figure>\n\n\n\n<p> Esta afecci\u00f3n, al igual que el resto de las alteraciones del habla, tiene una mayor incidencia en los varones (cuatro veces m\u00e1s que en las mujeres), y se manifiesta normalmente entre los tres y los seis a\u00f1os.<\/p>\n\n\n\n<p>La tartamudez es un trastorno muy relacionado con el entorno de la persona afectada, por esto, es aconsejable que los padres o maestros, remodelen el ambiente en el que se desenvuelve el ni\u00f1o para disminuir los episodios de tartamudez en la medida de lo posible, y que el menor se sienta relajado y c\u00f3modo para expresarse, sin miedo a hacer el rid\u00edculo o ser evaluado y criticado.<\/p>\n\n\n\n<p>Segun los pediatras, si el ni\u00f1o se traba al hablar, no conviene corregirle ni meterle prisa, hay que dejarle hablar con tranquilidad, centr\u00e1ndose en el contenido de lo que dice y no en la forma en la que lo dice.<\/p>\n<!-- AddThis Advanced Settings generic via filter on the_content --><!-- AddThis Share Buttons generic via filter on the_content -->","protected":false},"excerpt":{"rendered":"<p>La tartamudez es un trastorno del habla que afecta a muchas personas en todo el mundo. [&hellip;]<!-- AddThis Advanced Settings generic via filter on get_the_excerpt --><!-- AddThis Share Buttons generic via filter on get_the_excerpt --><\/p>\n","protected":false},"author":16,"featured_media":39537,"comment_status":"open","ping_status":"open","sticky":false,"template":"","format":"standard","meta":{"_seopress_robots_primary_cat":"none","_seopress_titles_title":"","_seopress_titles_desc":"","_seopress_robots_index":"","_themeisle_gutenberg_block_has_review":false,"footnotes":""},"categories":[2,164,15],"tags":[],"class_list":["post-39534","post","type-post","status-publish","format-standard","has-post-thumbnail","hentry","category-actualidad","category-ambiente","category-salud"],"_links":{"self":[{"href":"https:\/\/www.almargenweb.com.ar\/web\/wp-json\/wp\/v2\/posts\/39534","targetHints":{"allow":["GET"]}}],"collection":[{"href":"https:\/\/www.almargenweb.com.ar\/web\/wp-json\/wp\/v2\/posts"}],"about":[{"href":"https:\/\/www.almargenweb.com.ar\/web\/wp-json\/wp\/v2\/types\/post"}],"author":[{"embeddable":true,"href":"https:\/\/www.almargenweb.com.ar\/web\/wp-json\/wp\/v2\/users\/16"}],"replies":[{"embeddable":true,"href":"https:\/\/www.almargenweb.com.ar\/web\/wp-json\/wp\/v2\/comments?post=39534"}],"version-history":[{"count":1,"href":"https:\/\/www.almargenweb.com.ar\/web\/wp-json\/wp\/v2\/posts\/39534\/revisions"}],"predecessor-version":[{"id":39539,"href":"https:\/\/www.almargenweb.com.ar\/web\/wp-json\/wp\/v2\/posts\/39534\/revisions\/39539"}],"wp:featuredmedia":[{"embeddable":true,"href":"https:\/\/www.almargenweb.com.ar\/web\/wp-json\/wp\/v2\/media\/39537"}],"wp:attachment":[{"href":"https:\/\/www.almargenweb.com.ar\/web\/wp-json\/wp\/v2\/media?parent=39534"}],"wp:term":[{"taxonomy":"category","embeddable":true,"href":"https:\/\/www.almargenweb.com.ar\/web\/wp-json\/wp\/v2\/categories?post=39534"},{"taxonomy":"post_tag","embeddable":true,"href":"https:\/\/www.almargenweb.com.ar\/web\/wp-json\/wp\/v2\/tags?post=39534"}],"curies":[{"name":"wp","href":"https:\/\/api.w.org\/{rel}","templated":true}]}}