{"id":39529,"date":"2023-05-23T10:51:31","date_gmt":"2023-05-23T13:51:31","guid":{"rendered":"http:\/\/www.almargenweb.com.ar\/web\/?p=39529"},"modified":"2023-05-23T10:51:32","modified_gmt":"2023-05-23T13:51:32","slug":"aseguran-que-la-oferta-nacional-de-leche-para-este-invierno-caera-entre-38-al-48","status":"publish","type":"post","link":"https:\/\/www.almargenweb.com.ar\/web\/aseguran-que-la-oferta-nacional-de-leche-para-este-invierno-caera-entre-38-al-48\/","title":{"rendered":"Aseguran que la oferta nacional de leche para este invierno caer\u00e1 entre 3,8% al 4,8%"},"content":{"rendered":"\n<p>La merma productiva proyectada en relaci\u00f3n al mismo per\u00edodo de 2022, se origina en las adversidades clim\u00e1ticas que afectaron a todo el sector agr\u00edcola durante el verano.<\/p>\n\n\n\n<p> El impacto de las malas condiciones meteorol\u00f3gicas mostr\u00f3 su peor cara en los sistemas pastoriles, cuya producci\u00f3n esperada caer\u00e1 en torno al 5% en los meses venideros, que en los de encierre.<\/p>\n\n\n\n<p>Seg\u00fan el informe de situaci\u00f3n lechera del Observatorio de la Cadena L\u00e1ctea Argentina (Ocla), las empresas con sistemas pastoriles esperan reducciones productivas por variaciones en las dietas y la venta de animales.<\/p>\n\n\n\n<p> Los empresarios modificaron las dietas ofrecidas, reemplazando mayormente las pasturas y verdeos con concentrados de mayor costo relativo.<\/p>\n\n\n\n<p>En este sentido, el observatorio l\u00e1cteo espera que para los pr\u00f3ximos meses contin\u00fae la suba de costos de alimentos vacunos.<\/p>\n\n\n\n<p><\/p>\n<!-- AddThis Advanced Settings generic via filter on the_content --><!-- AddThis Share Buttons generic via filter on the_content -->","protected":false},"excerpt":{"rendered":"<p>La merma productiva proyectada en relaci\u00f3n al mismo per\u00edodo de 2022, se origina en las adversidades [&hellip;]<!-- AddThis Advanced Settings generic via filter on get_the_excerpt --><!-- AddThis Share Buttons generic via filter on get_the_excerpt --><\/p>\n","protected":false},"author":16,"featured_media":39532,"comment_status":"open","ping_status":"open","sticky":false,"template":"","format":"standard","meta":{"_seopress_robots_primary_cat":"none","_seopress_titles_title":"","_seopress_titles_desc":"","_seopress_robots_index":"","_themeisle_gutenberg_block_has_review":false,"footnotes":""},"categories":[2,5,21,140],"tags":[],"class_list":["post-39529","post","type-post","status-publish","format-standard","has-post-thumbnail","hentry","category-actualidad","category-economia","category-las-colonias","category-nacionales"],"_links":{"self":[{"href":"https:\/\/www.almargenweb.com.ar\/web\/wp-json\/wp\/v2\/posts\/39529","targetHints":{"allow":["GET"]}}],"collection":[{"href":"https:\/\/www.almargenweb.com.ar\/web\/wp-json\/wp\/v2\/posts"}],"about":[{"href":"https:\/\/www.almargenweb.com.ar\/web\/wp-json\/wp\/v2\/types\/post"}],"author":[{"embeddable":true,"href":"https:\/\/www.almargenweb.com.ar\/web\/wp-json\/wp\/v2\/users\/16"}],"replies":[{"embeddable":true,"href":"https:\/\/www.almargenweb.com.ar\/web\/wp-json\/wp\/v2\/comments?post=39529"}],"version-history":[{"count":1,"href":"https:\/\/www.almargenweb.com.ar\/web\/wp-json\/wp\/v2\/posts\/39529\/revisions"}],"predecessor-version":[{"id":39533,"href":"https:\/\/www.almargenweb.com.ar\/web\/wp-json\/wp\/v2\/posts\/39529\/revisions\/39533"}],"wp:featuredmedia":[{"embeddable":true,"href":"https:\/\/www.almargenweb.com.ar\/web\/wp-json\/wp\/v2\/media\/39532"}],"wp:attachment":[{"href":"https:\/\/www.almargenweb.com.ar\/web\/wp-json\/wp\/v2\/media?parent=39529"}],"wp:term":[{"taxonomy":"category","embeddable":true,"href":"https:\/\/www.almargenweb.com.ar\/web\/wp-json\/wp\/v2\/categories?post=39529"},{"taxonomy":"post_tag","embeddable":true,"href":"https:\/\/www.almargenweb.com.ar\/web\/wp-json\/wp\/v2\/tags?post=39529"}],"curies":[{"name":"wp","href":"https:\/\/api.w.org\/{rel}","templated":true}]}}