{"id":39490,"date":"2023-05-19T10:26:05","date_gmt":"2023-05-19T13:26:05","guid":{"rendered":"http:\/\/www.almargenweb.com.ar\/web\/?p=39490"},"modified":"2023-05-19T10:26:06","modified_gmt":"2023-05-19T13:26:06","slug":"nuevos-datos-del-censo-2022-una-de-cada-tres-familias-argentinas-vive-en-inmuebles-alquilados","status":"publish","type":"post","link":"https:\/\/www.almargenweb.com.ar\/web\/nuevos-datos-del-censo-2022-una-de-cada-tres-familias-argentinas-vive-en-inmuebles-alquilados\/","title":{"rendered":"Nuevos datos del Censo 2022: una de cada tres familias argentinas vive en inmuebles alquilados"},"content":{"rendered":"\n<p>El Instituto Nacional de Estad\u00edsticas y Censos (Indec) dio a conocer nuevos resultados provisionales del Censo Nacional de Poblaci\u00f3n, Hogares y Viviendas 2022. <\/p>\n\n\n\n<p>El public\u00f3 datos sobre las condiciones habitacionales de las viviendas particulares ocupadas, entre los cuales se destaca que s\u00f3lo el 65,5% de los hogares disponen de vivienda propia en todo el pa\u00eds.<\/p>\n\n\n\n<p>La tendencia es a la baja si se comparan estos datos con los obtenidos en el Censo 2010, el cual arroj\u00f3 que en ese entonces el 72,95% de los encuestados ten\u00eda un r\u00e9gimen de tenencia de vivienda propia (68,69% hab\u00eda respondido en esa oportunidad ser propietario de la vivienda y el terreno y 4,26% de la vivienda solamente).<\/p>\n\n\n\n<p>Santiago del Estero es la provincia con mayor porcentaje de tenencia de vivienda propia con 83,7% mientras que la Ciudad de Buenos Aires con 52,9%, entre las jurisdicciones con menor porcentaje de viviendas propias.<\/p>\n\n\n\n<p>Los resultados del total por pa\u00eds, que arrojaron que el 65,5% de los hogares disponen de vivienda propia.<\/p>\n<!-- AddThis Advanced Settings generic via filter on the_content --><!-- AddThis Share Buttons generic via filter on the_content -->","protected":false},"excerpt":{"rendered":"<p>El Instituto Nacional de Estad\u00edsticas y Censos (Indec) dio a conocer nuevos resultados provisionales del Censo [&hellip;]<!-- AddThis Advanced Settings generic via filter on get_the_excerpt --><!-- AddThis Share Buttons generic via filter on get_the_excerpt --><\/p>\n","protected":false},"author":16,"featured_media":39493,"comment_status":"open","ping_status":"open","sticky":false,"template":"","format":"standard","meta":{"_seopress_robots_primary_cat":"none","_seopress_titles_title":"","_seopress_titles_desc":"","_seopress_robots_index":"","_themeisle_gutenberg_block_has_review":false,"footnotes":""},"categories":[2,164,140],"tags":[],"class_list":["post-39490","post","type-post","status-publish","format-standard","has-post-thumbnail","hentry","category-actualidad","category-ambiente","category-nacionales"],"_links":{"self":[{"href":"https:\/\/www.almargenweb.com.ar\/web\/wp-json\/wp\/v2\/posts\/39490","targetHints":{"allow":["GET"]}}],"collection":[{"href":"https:\/\/www.almargenweb.com.ar\/web\/wp-json\/wp\/v2\/posts"}],"about":[{"href":"https:\/\/www.almargenweb.com.ar\/web\/wp-json\/wp\/v2\/types\/post"}],"author":[{"embeddable":true,"href":"https:\/\/www.almargenweb.com.ar\/web\/wp-json\/wp\/v2\/users\/16"}],"replies":[{"embeddable":true,"href":"https:\/\/www.almargenweb.com.ar\/web\/wp-json\/wp\/v2\/comments?post=39490"}],"version-history":[{"count":1,"href":"https:\/\/www.almargenweb.com.ar\/web\/wp-json\/wp\/v2\/posts\/39490\/revisions"}],"predecessor-version":[{"id":39494,"href":"https:\/\/www.almargenweb.com.ar\/web\/wp-json\/wp\/v2\/posts\/39490\/revisions\/39494"}],"wp:featuredmedia":[{"embeddable":true,"href":"https:\/\/www.almargenweb.com.ar\/web\/wp-json\/wp\/v2\/media\/39493"}],"wp:attachment":[{"href":"https:\/\/www.almargenweb.com.ar\/web\/wp-json\/wp\/v2\/media?parent=39490"}],"wp:term":[{"taxonomy":"category","embeddable":true,"href":"https:\/\/www.almargenweb.com.ar\/web\/wp-json\/wp\/v2\/categories?post=39490"},{"taxonomy":"post_tag","embeddable":true,"href":"https:\/\/www.almargenweb.com.ar\/web\/wp-json\/wp\/v2\/tags?post=39490"}],"curies":[{"name":"wp","href":"https:\/\/api.w.org\/{rel}","templated":true}]}}