{"id":39480,"date":"2023-05-18T10:36:41","date_gmt":"2023-05-18T13:36:41","guid":{"rendered":"http:\/\/www.almargenweb.com.ar\/web\/?p=39480"},"modified":"2023-05-18T10:36:42","modified_gmt":"2023-05-18T13:36:42","slug":"las-colonias-sorteo-de-viviendas-comunales-brinda-esperanza-a-la-comunidad-de-franck","status":"publish","type":"post","link":"https:\/\/www.almargenweb.com.ar\/web\/las-colonias-sorteo-de-viviendas-comunales-brinda-esperanza-a-la-comunidad-de-franck\/","title":{"rendered":"Las Colonias: sorteo de viviendas comunales brinda esperanza a la comunidad de Franck"},"content":{"rendered":"\n<p>En el marco de las pol\u00edticas habitacionales comunales, se llev\u00f3 a cabo los sorteos p\u00fablicos para la adjudicaci\u00f3n de las viviendas correspondientes a los planes n\u00famero 21, 23, 24, 25.<\/p>\n\n\n\n<p>El sorteo tuvo lugar en el SUM del Cetro Cultural y conto con la presencia del presidente comunal Javier Enrico y el Escribano P\u00fablico Mariano Bianchi, qui\u00e9n supervis\u00f3 el azar de las bolillas. Tambi\u00e9n estuvo la directora de viviendas, la arquitecta Natasia Fenske.<\/p>\n\n\n\n<p>Cabe destacar que se llevar\u00e1 adelante un nuevo an\u00e1lisis de requisitos y documentaci\u00f3n solicitados, mediante un equipo interdisciplinario que los evaluar\u00e1.<\/p>\n\n\n\n<p>En el caso que la persona titular no puede justificar la documentaci\u00f3n adecuada, comenzar\u00e1 a operar la lista de suplentes conformada en el sorteo.<\/p>\n<!-- AddThis Advanced Settings generic via filter on the_content --><!-- AddThis Share Buttons generic via filter on the_content -->","protected":false},"excerpt":{"rendered":"<p>En el marco de las pol\u00edticas habitacionales comunales, se llev\u00f3 a cabo los sorteos p\u00fablicos para [&hellip;]<!-- AddThis Advanced Settings generic via filter on get_the_excerpt --><!-- AddThis Share Buttons generic via filter on get_the_excerpt --><\/p>\n","protected":false},"author":16,"featured_media":39483,"comment_status":"open","ping_status":"open","sticky":false,"template":"","format":"standard","meta":{"_seopress_robots_primary_cat":"none","_seopress_titles_title":"","_seopress_titles_desc":"","_seopress_robots_index":"","_themeisle_gutenberg_block_has_review":false,"footnotes":""},"categories":[2,164,20,21],"tags":[],"class_list":["post-39480","post","type-post","status-publish","format-standard","has-post-thumbnail","hentry","category-actualidad","category-ambiente","category-departamentales","category-las-colonias"],"_links":{"self":[{"href":"https:\/\/www.almargenweb.com.ar\/web\/wp-json\/wp\/v2\/posts\/39480","targetHints":{"allow":["GET"]}}],"collection":[{"href":"https:\/\/www.almargenweb.com.ar\/web\/wp-json\/wp\/v2\/posts"}],"about":[{"href":"https:\/\/www.almargenweb.com.ar\/web\/wp-json\/wp\/v2\/types\/post"}],"author":[{"embeddable":true,"href":"https:\/\/www.almargenweb.com.ar\/web\/wp-json\/wp\/v2\/users\/16"}],"replies":[{"embeddable":true,"href":"https:\/\/www.almargenweb.com.ar\/web\/wp-json\/wp\/v2\/comments?post=39480"}],"version-history":[{"count":1,"href":"https:\/\/www.almargenweb.com.ar\/web\/wp-json\/wp\/v2\/posts\/39480\/revisions"}],"predecessor-version":[{"id":39484,"href":"https:\/\/www.almargenweb.com.ar\/web\/wp-json\/wp\/v2\/posts\/39480\/revisions\/39484"}],"wp:featuredmedia":[{"embeddable":true,"href":"https:\/\/www.almargenweb.com.ar\/web\/wp-json\/wp\/v2\/media\/39483"}],"wp:attachment":[{"href":"https:\/\/www.almargenweb.com.ar\/web\/wp-json\/wp\/v2\/media?parent=39480"}],"wp:term":[{"taxonomy":"category","embeddable":true,"href":"https:\/\/www.almargenweb.com.ar\/web\/wp-json\/wp\/v2\/categories?post=39480"},{"taxonomy":"post_tag","embeddable":true,"href":"https:\/\/www.almargenweb.com.ar\/web\/wp-json\/wp\/v2\/tags?post=39480"}],"curies":[{"name":"wp","href":"https:\/\/api.w.org\/{rel}","templated":true}]}}