{"id":39475,"date":"2023-05-18T09:54:22","date_gmt":"2023-05-18T12:54:22","guid":{"rendered":"http:\/\/www.almargenweb.com.ar\/web\/?p=39475"},"modified":"2023-05-18T09:54:23","modified_gmt":"2023-05-18T12:54:23","slug":"las-colonias-avanzan-las-obras-de-iluminacion-sobre-la-circunvalacion-de-san-carlos-sud","status":"publish","type":"post","link":"https:\/\/www.almargenweb.com.ar\/web\/las-colonias-avanzan-las-obras-de-iluminacion-sobre-la-circunvalacion-de-san-carlos-sud\/","title":{"rendered":"Las Colonias: avanzan las obras de iluminaci\u00f3n sobre la Circunvalaci\u00f3n de San Carlos Sud"},"content":{"rendered":"\n<p>Esta semana, la jefa comunal Florencia Primo, remarc\u00f3 que en total se colocaron un total de 300 luminarias, con una inversi\u00f3n que supera los 9 millones de pesos. De esta forma, la propuesta es optimizar los trabajos de alumbrado p\u00fablico.<\/p>\n\n\n\n<p>Primo explic\u00f3 que se realizaron trabajos en las garitas &#8220;con nueva iluminaci\u00f3n y carteles informativos sobre horarios de colectivos y n\u00fameros telef\u00f3nicos con los contactos \u00fatiles para viajeros&#8221;.<\/p>\n\n\n\n<p>En este sentido, la jefa comunal detall\u00f3 sobre los trabajos de iluminaci\u00f3n con tecnolog\u00eda led en la Avenida de Circunvalaci\u00f3n; &#8220;&#8221;Se ha llevado a cabo la instalaci\u00f3n de 40 luces LED de \u00faltima generaci\u00f3n en la Plaza 27 de Septiembre. \u00c9sta era una demanda planteada por los vecinos, pudimos sumar luminarias de mayor potencia&#8221;.<\/p>\n\n\n\n<p>Cabe recordar que la localidad de San Carlos Sud cuenta con \u00e9ste tipo de tecnolog\u00eda luminaria en el 100%. &#8220;lo que hacemos desde \u00e9sta gesti\u00f3n es una correcta administraci\u00f3n de los recursos, a partir de los impuestos que pagan los vecinos, destinados a la concreci\u00f3n de obras y proyectos que beneficien a nuestra localidad&#8221;.<\/p>\n\n\n\n<p>&#8220;De \u00e9sta forma hemos mejorado y optimizado la fluidez del tr\u00e1nsito, generando mayor seguridad y mas visibilidad para los peatones&#8221; finaliz\u00f3 Primo. <\/p>\n<!-- AddThis Advanced Settings generic via filter on the_content --><!-- AddThis Share Buttons generic via filter on the_content -->","protected":false},"excerpt":{"rendered":"<p>Esta semana, la jefa comunal Florencia Primo, remarc\u00f3 que en total se colocaron un total de [&hellip;]<!-- AddThis Advanced Settings generic via filter on get_the_excerpt --><!-- AddThis Share Buttons generic via filter on get_the_excerpt --><\/p>\n","protected":false},"author":16,"featured_media":39478,"comment_status":"open","ping_status":"open","sticky":false,"template":"","format":"standard","meta":{"_seopress_robots_primary_cat":"none","_seopress_titles_title":"","_seopress_titles_desc":"","_seopress_robots_index":"","_themeisle_gutenberg_block_has_review":false,"footnotes":""},"categories":[2,164,20,21,24],"tags":[],"class_list":["post-39475","post","type-post","status-publish","format-standard","has-post-thumbnail","hentry","category-actualidad","category-ambiente","category-departamentales","category-las-colonias","category-obras-publicas"],"_links":{"self":[{"href":"https:\/\/www.almargenweb.com.ar\/web\/wp-json\/wp\/v2\/posts\/39475","targetHints":{"allow":["GET"]}}],"collection":[{"href":"https:\/\/www.almargenweb.com.ar\/web\/wp-json\/wp\/v2\/posts"}],"about":[{"href":"https:\/\/www.almargenweb.com.ar\/web\/wp-json\/wp\/v2\/types\/post"}],"author":[{"embeddable":true,"href":"https:\/\/www.almargenweb.com.ar\/web\/wp-json\/wp\/v2\/users\/16"}],"replies":[{"embeddable":true,"href":"https:\/\/www.almargenweb.com.ar\/web\/wp-json\/wp\/v2\/comments?post=39475"}],"version-history":[{"count":1,"href":"https:\/\/www.almargenweb.com.ar\/web\/wp-json\/wp\/v2\/posts\/39475\/revisions"}],"predecessor-version":[{"id":39479,"href":"https:\/\/www.almargenweb.com.ar\/web\/wp-json\/wp\/v2\/posts\/39475\/revisions\/39479"}],"wp:featuredmedia":[{"embeddable":true,"href":"https:\/\/www.almargenweb.com.ar\/web\/wp-json\/wp\/v2\/media\/39478"}],"wp:attachment":[{"href":"https:\/\/www.almargenweb.com.ar\/web\/wp-json\/wp\/v2\/media?parent=39475"}],"wp:term":[{"taxonomy":"category","embeddable":true,"href":"https:\/\/www.almargenweb.com.ar\/web\/wp-json\/wp\/v2\/categories?post=39475"},{"taxonomy":"post_tag","embeddable":true,"href":"https:\/\/www.almargenweb.com.ar\/web\/wp-json\/wp\/v2\/tags?post=39475"}],"curies":[{"name":"wp","href":"https:\/\/api.w.org\/{rel}","templated":true}]}}