{"id":39444,"date":"2023-05-13T13:42:27","date_gmt":"2023-05-13T16:42:27","guid":{"rendered":"http:\/\/www.almargenweb.com.ar\/web\/?p=39444"},"modified":"2023-05-13T13:42:28","modified_gmt":"2023-05-13T16:42:28","slug":"a-que-se-debe-ese-calor-otonal-inusual-el-veranito-durara-casi-toda-la-semana-que-viene","status":"publish","type":"post","link":"https:\/\/www.almargenweb.com.ar\/web\/a-que-se-debe-ese-calor-otonal-inusual-el-veranito-durara-casi-toda-la-semana-que-viene\/","title":{"rendered":"\u00bfA qu\u00e9 se debe ese calor oto\u00f1al inusual? el &#8220;veranito&#8221; durar\u00e1 casi toda la semana que viene"},"content":{"rendered":"\n<p>El fen\u00f3meno afecta a toda la zona central del pa\u00eds. Habr\u00e1 cielo despejado, ma\u00f1anas frescas y tardes c\u00e1lidas, con m\u00e1ximas de hasta 25\u00b0 hasta el jueves, seg\u00fan el Servicio Meteorol\u00f3gico Nacional.<\/p>\n\n\n\n<p>Para este s\u00e1bado se viene una tarde de sol y \u201ccalorcito\u201d, con una m\u00ednima de 9\u00baC en una ma\u00f1ana con cielo limpio y viento moderado del noreste y luego una m\u00e1xima de 23\u00b0.<\/p>\n\n\n\n<p> El domingo tambi\u00e9n permitir\u00e1 la actividad al aire libre. La ma\u00f1ana dominical se espera que arranque con 11 de m\u00ednima, en una jornada que llegar\u00e1 a una m\u00e1xima de 23 a 25\u00b0.<\/p>\n\n\n\n<p>La semana que viene seguir\u00e1 en este mismo estilo: templado a c\u00e1lido y con sol. El \u201cveranito\u201d se extender\u00e1 hasta el pr\u00f3ximo fin de semana. Tal vez hasta el jueves o viernes pr\u00f3ximos.<\/p>\n\n\n\n<p>\u00bfA qu\u00e9 se debe ese calor oto\u00f1al inusual? <\/p>\n\n\n\n<p>Tiene que ver con que \u201cen el centro y norte de la Argentina tenemos un predomino de altas presiones atmosf\u00e9ricas, y los frentes fr\u00edos no est\u00e1n avanzando. Pasan por el extremo sur, Patagonia, nada m\u00e1s. <\/p>\n\n\n\n<p>No avanzan m\u00e1s hacia el norte\u201d. Esto hace que esta masa de aire m\u00e1s templada se mantenga sobre la zona central del pa\u00eds, y no avance el aire fr\u00edo, Servicio Meteorol\u00f3gico Nacional.<\/p>\n\n\n\n<p><\/p>\n<!-- AddThis Advanced Settings generic via filter on the_content --><!-- AddThis Share Buttons generic via filter on the_content -->","protected":false},"excerpt":{"rendered":"<p>El fen\u00f3meno afecta a toda la zona central del pa\u00eds. Habr\u00e1 cielo despejado, ma\u00f1anas frescas y [&hellip;]<!-- AddThis Advanced Settings generic via filter on get_the_excerpt --><!-- AddThis Share Buttons generic via filter on get_the_excerpt --><\/p>\n","protected":false},"author":16,"featured_media":39447,"comment_status":"open","ping_status":"open","sticky":false,"template":"","format":"standard","meta":{"_seopress_robots_primary_cat":"none","_seopress_titles_title":"","_seopress_titles_desc":"","_seopress_robots_index":"","_themeisle_gutenberg_block_has_review":false,"footnotes":""},"categories":[2,164,21,47],"tags":[],"class_list":["post-39444","post","type-post","status-publish","format-standard","has-post-thumbnail","hentry","category-actualidad","category-ambiente","category-las-colonias","category-locales"],"_links":{"self":[{"href":"https:\/\/www.almargenweb.com.ar\/web\/wp-json\/wp\/v2\/posts\/39444","targetHints":{"allow":["GET"]}}],"collection":[{"href":"https:\/\/www.almargenweb.com.ar\/web\/wp-json\/wp\/v2\/posts"}],"about":[{"href":"https:\/\/www.almargenweb.com.ar\/web\/wp-json\/wp\/v2\/types\/post"}],"author":[{"embeddable":true,"href":"https:\/\/www.almargenweb.com.ar\/web\/wp-json\/wp\/v2\/users\/16"}],"replies":[{"embeddable":true,"href":"https:\/\/www.almargenweb.com.ar\/web\/wp-json\/wp\/v2\/comments?post=39444"}],"version-history":[{"count":1,"href":"https:\/\/www.almargenweb.com.ar\/web\/wp-json\/wp\/v2\/posts\/39444\/revisions"}],"predecessor-version":[{"id":39448,"href":"https:\/\/www.almargenweb.com.ar\/web\/wp-json\/wp\/v2\/posts\/39444\/revisions\/39448"}],"wp:featuredmedia":[{"embeddable":true,"href":"https:\/\/www.almargenweb.com.ar\/web\/wp-json\/wp\/v2\/media\/39447"}],"wp:attachment":[{"href":"https:\/\/www.almargenweb.com.ar\/web\/wp-json\/wp\/v2\/media?parent=39444"}],"wp:term":[{"taxonomy":"category","embeddable":true,"href":"https:\/\/www.almargenweb.com.ar\/web\/wp-json\/wp\/v2\/categories?post=39444"},{"taxonomy":"post_tag","embeddable":true,"href":"https:\/\/www.almargenweb.com.ar\/web\/wp-json\/wp\/v2\/tags?post=39444"}],"curies":[{"name":"wp","href":"https:\/\/api.w.org\/{rel}","templated":true}]}}