{"id":39439,"date":"2023-05-11T09:59:00","date_gmt":"2023-05-11T12:59:00","guid":{"rendered":"http:\/\/www.almargenweb.com.ar\/web\/?p=39439"},"modified":"2023-05-11T09:59:01","modified_gmt":"2023-05-11T12:59:01","slug":"aumentan-los-peajes-nacionales-un-50-mas-caro-y-en-agosto-subiran-un-40-mas","status":"publish","type":"post","link":"https:\/\/www.almargenweb.com.ar\/web\/aumentan-los-peajes-nacionales-un-50-mas-caro-y-en-agosto-subiran-un-40-mas\/","title":{"rendered":"Aumentan los peajes nacionales: un 50% mas caro y en agosto subir\u00e1n un 40% m\u00e1s"},"content":{"rendered":"\n<p>Luego de que Vialidad Nacional efectuara la correspondiente evaluaci\u00f3n t\u00e9cnica, la aprobaci\u00f3n del nuevo esquema responde a que la \u00faltima actualizaci\u00f3n tarifaria hab\u00eda sido realizada en febrero de 2022.<\/p>\n\n\n\n<p>La actualizaci\u00f3n tarifaria propuesta por las empresas concesionarias se dividir\u00e1 en dos etapas: un 50% ser\u00e1 aplicado a partir de mayo, mientras que el 40% restante entrar\u00eda en vigencia a partir de agosto. Lo inform\u00f3 este mi\u00e9rcoles el Ministerio de Obras P\u00fablicas de la Naci\u00f3n.<\/p>\n\n\n\n<p>Los nuevos cuadros tarifarios fueron aprobados tras una consulta ciudadana que se desarroll\u00f3 de manera online entre el 5 de abril y el 2 de mayo, inclusive, en la cual se dio informaci\u00f3n y se recibieron opiniones e inquietudes de las personas participantes.<\/p>\n<!-- AddThis Advanced Settings generic via filter on the_content --><!-- AddThis Share Buttons generic via filter on the_content -->","protected":false},"excerpt":{"rendered":"<p>Luego de que Vialidad Nacional efectuara la correspondiente evaluaci\u00f3n t\u00e9cnica, la aprobaci\u00f3n del nuevo esquema responde [&hellip;]<!-- AddThis Advanced Settings generic via filter on get_the_excerpt --><!-- AddThis Share Buttons generic via filter on get_the_excerpt --><\/p>\n","protected":false},"author":16,"featured_media":39442,"comment_status":"open","ping_status":"open","sticky":false,"template":"","format":"standard","meta":{"_seopress_robots_primary_cat":"none","_seopress_titles_title":"","_seopress_titles_desc":"","_seopress_robots_index":"","_themeisle_gutenberg_block_has_review":false,"footnotes":""},"categories":[2,164,140,24],"tags":[],"class_list":["post-39439","post","type-post","status-publish","format-standard","has-post-thumbnail","hentry","category-actualidad","category-ambiente","category-nacionales","category-obras-publicas"],"_links":{"self":[{"href":"https:\/\/www.almargenweb.com.ar\/web\/wp-json\/wp\/v2\/posts\/39439","targetHints":{"allow":["GET"]}}],"collection":[{"href":"https:\/\/www.almargenweb.com.ar\/web\/wp-json\/wp\/v2\/posts"}],"about":[{"href":"https:\/\/www.almargenweb.com.ar\/web\/wp-json\/wp\/v2\/types\/post"}],"author":[{"embeddable":true,"href":"https:\/\/www.almargenweb.com.ar\/web\/wp-json\/wp\/v2\/users\/16"}],"replies":[{"embeddable":true,"href":"https:\/\/www.almargenweb.com.ar\/web\/wp-json\/wp\/v2\/comments?post=39439"}],"version-history":[{"count":1,"href":"https:\/\/www.almargenweb.com.ar\/web\/wp-json\/wp\/v2\/posts\/39439\/revisions"}],"predecessor-version":[{"id":39443,"href":"https:\/\/www.almargenweb.com.ar\/web\/wp-json\/wp\/v2\/posts\/39439\/revisions\/39443"}],"wp:featuredmedia":[{"embeddable":true,"href":"https:\/\/www.almargenweb.com.ar\/web\/wp-json\/wp\/v2\/media\/39442"}],"wp:attachment":[{"href":"https:\/\/www.almargenweb.com.ar\/web\/wp-json\/wp\/v2\/media?parent=39439"}],"wp:term":[{"taxonomy":"category","embeddable":true,"href":"https:\/\/www.almargenweb.com.ar\/web\/wp-json\/wp\/v2\/categories?post=39439"},{"taxonomy":"post_tag","embeddable":true,"href":"https:\/\/www.almargenweb.com.ar\/web\/wp-json\/wp\/v2\/tags?post=39439"}],"curies":[{"name":"wp","href":"https:\/\/api.w.org\/{rel}","templated":true}]}}