{"id":39424,"date":"2023-05-09T11:10:26","date_gmt":"2023-05-09T14:10:26","guid":{"rendered":"http:\/\/www.almargenweb.com.ar\/web\/?p=39424"},"modified":"2023-05-09T11:10:27","modified_gmt":"2023-05-09T14:10:27","slug":"rodrigo-muller-presento-una-guia-educativa-para-conocer-el-funcionamiento-del-concejo-municipal","status":"publish","type":"post","link":"https:\/\/www.almargenweb.com.ar\/web\/rodrigo-muller-presento-una-guia-educativa-para-conocer-el-funcionamiento-del-concejo-municipal\/","title":{"rendered":"Rodrigo M\u00fcller present\u00f3 una gu\u00eda educativa para conocer el funcionamiento del Concejo Municipal"},"content":{"rendered":"\n<p>El concejal radical y precandidato a intendente, Rodrigo M\u00fcller, present\u00f3 una gu\u00eda educativa para conocer el funcionamiento del Concejo Municipal de Esperanza. La iniciativa tiene como objetivo dar a conocer, en forma clara y sencilla, el funcionamiento y la din\u00e1mica del trabajo legislativo en nuestra ciudad.<\/p>\n\n\n\n<p>Al respecto, M\u00fcller detall\u00f3 que \u201cla gu\u00eda busca impulsar una ciudadan\u00eda m\u00e1s informada, cr\u00edtica y participativa, reconociendo a la educaci\u00f3n como herramienta fundamental para la formaci\u00f3n de las personas\u201d.<\/p>\n\n\n\n<p>Luego, el concejal aclar\u00f3 que \u201clo distribuiremos en las escuelas, tanto primarias como secundarias, para que los alumnos puedan trabajar en clase sobre las competencias, deberes y atribuciones del Concejo. Adem\u00e1s, estar\u00e1 en Internet al alcance de la sociedad entera para aprender en forma particular aquel que as\u00ed lo quisiera\u201d.<\/p>\n\n\n\n<p>\u201cSe trata de un documento did\u00e1ctico a trav\u00e9s del cual la ciudadan\u00eda podr\u00e1 disponer de mayores conocimientos sobre los \u00f3rganos de gobierno, el r\u00e9gimen de sesiones de Concejo, la participaci\u00f3n ciudadana, entre otros temas\u201d, agreg\u00f3 M\u00fcller.<\/p>\n\n\n\n<p>Entre otras cosas, la gu\u00eda permite realizar simulaciones de las sesiones que realiza el Concejo Municipal. \u201cEl objetivo es que los ciudadanos y ciudadanas interesados puedan utilizarla para mejorar la forma de relacionarse con el gobierno local, en procura de una gesti\u00f3n municipal participativa, democr\u00e1tica, eficiente y transparente\u201d, concluy\u00f3 el precandidato a intendente.<\/p>\n\n\n\n<p>El material fue elaborado por el concejal Rodrigo M\u00fcller, junto a la abogada, Samira Cobos, Celeste Nadalutti (dise\u00f1o) y Fernando Jobse (fotograf\u00eda).<\/p>\n\n\n\n<p>La Gu\u00eda la podes descargar en forma gratuita desde el siguiente link:<\/p>\n\n\n\n<p><a href=\"https:\/\/es.scribd.com\/document\/641209851\/Las-escuelas-en-el-Concejo#\">https:\/\/es.scribd.com\/document\/641209851\/Las-escuelas-en-el-Concejo#<\/a><\/p>\n<!-- AddThis Advanced Settings generic via filter on the_content --><!-- AddThis Share Buttons generic via filter on the_content -->","protected":false},"excerpt":{"rendered":"<p>El concejal radical y precandidato a intendente, Rodrigo M\u00fcller, present\u00f3 una gu\u00eda educativa para conocer el [&hellip;]<!-- AddThis Advanced Settings generic via filter on get_the_excerpt --><!-- AddThis Share Buttons generic via filter on get_the_excerpt --><\/p>\n","protected":false},"author":16,"featured_media":39427,"comment_status":"open","ping_status":"open","sticky":false,"template":"","format":"standard","meta":{"_seopress_robots_primary_cat":"none","_seopress_titles_title":"","_seopress_titles_desc":"","_seopress_robots_index":"","_themeisle_gutenberg_block_has_review":false,"footnotes":""},"categories":[2,164,21,47],"tags":[],"class_list":["post-39424","post","type-post","status-publish","format-standard","has-post-thumbnail","hentry","category-actualidad","category-ambiente","category-las-colonias","category-locales"],"_links":{"self":[{"href":"https:\/\/www.almargenweb.com.ar\/web\/wp-json\/wp\/v2\/posts\/39424","targetHints":{"allow":["GET"]}}],"collection":[{"href":"https:\/\/www.almargenweb.com.ar\/web\/wp-json\/wp\/v2\/posts"}],"about":[{"href":"https:\/\/www.almargenweb.com.ar\/web\/wp-json\/wp\/v2\/types\/post"}],"author":[{"embeddable":true,"href":"https:\/\/www.almargenweb.com.ar\/web\/wp-json\/wp\/v2\/users\/16"}],"replies":[{"embeddable":true,"href":"https:\/\/www.almargenweb.com.ar\/web\/wp-json\/wp\/v2\/comments?post=39424"}],"version-history":[{"count":1,"href":"https:\/\/www.almargenweb.com.ar\/web\/wp-json\/wp\/v2\/posts\/39424\/revisions"}],"predecessor-version":[{"id":39428,"href":"https:\/\/www.almargenweb.com.ar\/web\/wp-json\/wp\/v2\/posts\/39424\/revisions\/39428"}],"wp:featuredmedia":[{"embeddable":true,"href":"https:\/\/www.almargenweb.com.ar\/web\/wp-json\/wp\/v2\/media\/39427"}],"wp:attachment":[{"href":"https:\/\/www.almargenweb.com.ar\/web\/wp-json\/wp\/v2\/media?parent=39424"}],"wp:term":[{"taxonomy":"category","embeddable":true,"href":"https:\/\/www.almargenweb.com.ar\/web\/wp-json\/wp\/v2\/categories?post=39424"},{"taxonomy":"post_tag","embeddable":true,"href":"https:\/\/www.almargenweb.com.ar\/web\/wp-json\/wp\/v2\/tags?post=39424"}],"curies":[{"name":"wp","href":"https:\/\/api.w.org\/{rel}","templated":true}]}}